{"id":41399,"date":"2016-04-23T08:28:55","date_gmt":"2016-04-23T11:28:55","guid":{"rendered":"http:\/\/pdt-rj.org.br\/?p=41399"},"modified":"2016-04-23T08:28:55","modified_gmt":"2016-04-23T11:28:55","slug":"lupi-se-tirarem-dilma-tem-que-ter-eleicoes-gerais","status":"publish","type":"post","link":"https:\/\/pdt-rj.org.br\/index.php\/lupi-se-tirarem-dilma-tem-que-ter-eleicoes-gerais\/","title":{"rendered":"Lupi no Conversa Afiada: &#8216;Se tirarem Dilma, tem que ter elei\u00e7\u00f5es gerais&#8217;"},"content":{"rendered":"<p>&nbsp;<\/p>\n<p>Nesta sexta-feira (22\/4), o presidente nacional do PDT, Carlos Lupi, defendeu, caso o processo de impeachment da Presidenta Dilma siga no Senado, novas elei\u00e7\u00f5es gerais. Em entrevista a Paulo Henrique Amorim, Lupi afirmou n\u00e3o acreditar que s\u00f3 um novo presidente seja suficiente para o pa\u00eds sair da crise.<\/p>\n<p>\u201cN\u00e3o adianta querer eleger um presidente com esse Congresso que est\u00e1 a\u00ed. Ou se faz uma elei\u00e7\u00e3o casada [para presidente, deputado, senador, prefeito e vereador] ou n\u00e3o vamos ter a crise resolvida\u201d, disse Lupi, para quem a sa\u00edda de Dilma \u00e9 Golpe.<\/p>\n<p>\u201cEu vejo um Golpe branco acontecer no Brasil, em que assistimos algo repugnante\u201d, declarou.<\/p>\n<p><strong>PHA: Qual a sua avalia\u00e7\u00e3o do momento pol\u00edtico que o Brasil vive hoje, nesta sexta-feira (22)?<\/strong><\/p>\n<p>&#8212; \u00a0Uma avalia\u00e7\u00e3o triste. O pa\u00eds passa por um dos momentos mais dif\u00edceis de sua hist\u00f3ria. Eu vejo um Golpe branco acontecer no Brasil, em que assistimos algo repugnante: uma mulher inocente ser condenada de uma maneira vil, pequena. Um verdadeiro Golpe, que n\u00e3o precisa mais de armas e Ex\u00e9rcito. Agora, \u00e9 s\u00f3 ter m\u00eddia e mobiliza\u00e7\u00e3o de uma direita conservadora para derrubar uma Presidenta eleita sem uma \u00fanica comprova\u00e7\u00e3o de crime contra ela.<\/p>\n<p><strong>Qual a sa\u00edda para o problema?<\/strong><\/p>\n<p>&#8212; \u00a0Primeiro, \u00e9 respeitar as institui\u00e7\u00f5es democr\u00e1ticas. Experi\u00eancia do mundo \u00e9 que, quando h\u00e1 ruptura do processo democr\u00e1tico, o resultado nunca \u00e9 bom. Algu\u00e9m pode imaginar que substituir a Presidenta Dilma por Michel Temer, Renan Calheiros e Eduardo Cunha tem alguma vantagem? Com esse trio que \u00e9 exemplo de honestidade honradez, eu acho que n\u00e3o.<\/p>\n<p>N\u00f3s temos que trabalhar para mudar o seu rumo na economia. Come\u00e7ar com os juros, que devem ser baixados. A maior taxa de juros do planeta s\u00f3 serve para o capital especulativo. O capital produtivo, que \u00e9 a nossa prioridade, s\u00f3 perde com isso.<\/p>\n<p>Existe hoje no debate pol\u00edtico dois caminhos. O primeiro seria aceitar que a Dilma seja condenada pelo Senado, o que parece ser inevit\u00e1vel, e depois os partidos como o PDT, PT e PCdoB partam para a oposi\u00e7\u00e3o do governo Temer.<\/p>\n<p>Outra op\u00e7\u00e3o \u00e9 a Presidenta Dilma, pouco antes de cair, enviar ao Senado uma PEC convocando elei\u00e7\u00e3o para Presidente da Rep\u00fablica.<\/p>\n<p><strong>Dentro dessa perspectiva, o amigo tem alguma posi\u00e7\u00e3o a tomar?<\/strong><\/p>\n<p>&#8212; Primeiro, n\u00f3s temos que esperar que o bom senso alcance o Senado Federal e que n\u00e3o se condene uma pessoa inocente. Isso \u00e9 o mesmo que voc\u00ea assistir a um tribunal julgar e condenar um r\u00e9u inocente. Passada essa fase, se o Senado insistir, o melhor era todos fazerem uma elei\u00e7\u00e3o geral: para deputado, prefeito, vereador, senador&#8230; Porque a\u00ed come\u00e7a a passar o pa\u00eds a limpo. N\u00e3o adianta querer eleger um presidente com esse Congresso que est\u00e1 a\u00ed. Ou se faz uma elei\u00e7\u00e3o casada ou n\u00e3o vamos ter a crise resolvida.<\/p>\n<p><strong>O candidato a presidente Ciro Gomes, do PDT, compartilha dessa sua posi\u00e7\u00e3o?<\/strong><\/p>\n<p>&#8212; N\u00f3s temos conversado muito. Estamos afinando a viola, as ideias. \u00c9 claro que se a elei\u00e7\u00e3o for antecipada, o processo eleitoral \u00e9 curto. Mas eu penso que uma crise do tamanho dessa, com posi\u00e7\u00f5es radicalizadas, n\u00e3o d\u00e1 legitimidade ao vice-presidente, que pode ser cassado pelo TSE, de fazer uma retomada da economia.<\/p>\n<p>Se preferirem o Golpe, o melhor \u00e9 a elei\u00e7\u00e3o geral.<\/p>\n<p><strong>O patrono fundador do seu partido, Leonel Brizola, dizia, nas campanhas que participou, que a primeira coisa que faria era questionar o monop\u00f3lio da Globo. O candidato Ciro far\u00e1 o mesmo?<\/strong><\/p>\n<p>&#8212; O Brizola tinha raz\u00e3o e cada vez mais a gente comprova isso, pois o monop\u00f3lio da Globo \u00e9 \u00fanico no mundo. Nos EUA, quem \u00e9 dono de r\u00e1dio n\u00e3o \u00e9 dono de televis\u00e3o ou de jornal. Ent\u00e3o, isso \u00e9 um processo democr\u00e1tico, voc\u00ea pulverizar, democratizar, n\u00e3o ter na m\u00e3o de apenas um grupo todo o sistema de comunica\u00e7\u00e3o. Infelizmente, o PT paga o pre\u00e7o de n\u00e3o fazer isso.<\/p>\n<p>E penso que o Ciro Gomes vai questionar isso ou tamb\u00e9m, amanh\u00e3, se come\u00e7ar a tocar os fundamentos do sistema macroecon\u00f4mico, que \u00e9 um sistema agressivo contra a massa trabalhadora, vai cair tamb\u00e9m.<\/p>\n<p>N\u00f3s temos que ter muita coragem e coer\u00eancia e enfrentar um sistema que com muita sofistica\u00e7\u00e3o e intelig\u00eancia que, sem uma bala, um revolver, faz a cabe\u00e7a de milh\u00f5es de brasileiros com novelas, com o seu jornalismo fazendo com que a sociedade criminalize os partidos e a pol\u00edtica.<\/p>\n<p><strong>O que vai acontecer com aqueles deputados do PDT que votaram a favor do impeachment na C\u00e2mara?<\/strong><\/p>\n<p>&#8212; \u00a0N\u00f3s fizemos um processo altamente democr\u00e1tico. Desde meados do ano passado, n\u00f3s fizemos oito reuni\u00f5es com deputados, senadores e com a executiva do partido. Foi feita uma reuni\u00e3o no dia 22 de janeiro com todos os membros do diret\u00f3rio nacional, que \u00e9 o \u00f3rg\u00e3o m\u00e1ximo do partido, e, por unanimidade, decidiu-se fechar a quest\u00e3o.<\/p>\n<p>Seis parlamentares nossos decidiram n\u00e3o seguir a orienta\u00e7\u00e3o do partido. J\u00e1 est\u00e1 marcado para o dia 30 de maio uma delibera\u00e7\u00e3o final do diret\u00f3rio nacional que dar\u00e1 a san\u00e7\u00e3o prevista no estatuto do partido.<\/p>\n<p>&nbsp;<\/p>\n<!-- AddThis Advanced Settings generic via filter on the_content --><!-- AddThis Share Buttons generic via filter on the_content -->","protected":false},"excerpt":{"rendered":"<p>&nbsp; Nesta sexta-feira (22\/4), o presidente nacional do PDT, Carlos Lupi, defendeu, caso o processo de impeachment da Presidenta Dilma siga no Senado, novas elei\u00e7\u00f5es gerais. Em entrevista a Paulo Henrique Amorim, Lupi afirmou n\u00e3o acreditar que s\u00f3 um novo presidente seja suficiente para o pa\u00eds sair da crise. \u201cN\u00e3o adianta querer eleger um presidente&#8230;<!-- AddThis Advanced Settings generic via filter on wp_trim_excerpt --><!-- AddThis Share Buttons generic via filter on wp_trim_excerpt --><\/p>\n","protected":false},"author":17,"featured_media":41400,"comment_status":"open","ping_status":"open","sticky":false,"template":"","format":"standard","meta":{"_monsterinsights_skip_tracking":false,"_monsterinsights_sitenote_active":false,"_monsterinsights_sitenote_note":"","_monsterinsights_sitenote_category":0,"_uf_show_specific_survey":0,"_uf_disable_surveys":false,"footnotes":""},"categories":[1401],"tags":[196,306,349,698],"class_list":["post-41399","post","type-post","status-publish","format-standard","has-post-thumbnail","hentry","category-nacional","tag-carlos-lupi","tag-dilma","tag-eleicoes-gerais","tag-paulo-henrique-amorim"],"acf":[],"_links":{"self":[{"href":"https:\/\/pdt-rj.org.br\/index.php\/wp-json\/wp\/v2\/posts\/41399","targetHints":{"allow":["GET"]}}],"collection":[{"href":"https:\/\/pdt-rj.org.br\/index.php\/wp-json\/wp\/v2\/posts"}],"about":[{"href":"https:\/\/pdt-rj.org.br\/index.php\/wp-json\/wp\/v2\/types\/post"}],"author":[{"embeddable":true,"href":"https:\/\/pdt-rj.org.br\/index.php\/wp-json\/wp\/v2\/users\/17"}],"replies":[{"embeddable":true,"href":"https:\/\/pdt-rj.org.br\/index.php\/wp-json\/wp\/v2\/comments?post=41399"}],"version-history":[{"count":0,"href":"https:\/\/pdt-rj.org.br\/index.php\/wp-json\/wp\/v2\/posts\/41399\/revisions"}],"wp:featuredmedia":[{"embeddable":true,"href":"https:\/\/pdt-rj.org.br\/index.php\/wp-json\/wp\/v2\/media\/41400"}],"wp:attachment":[{"href":"https:\/\/pdt-rj.org.br\/index.php\/wp-json\/wp\/v2\/media?parent=41399"}],"wp:term":[{"taxonomy":"category","embeddable":true,"href":"https:\/\/pdt-rj.org.br\/index.php\/wp-json\/wp\/v2\/categories?post=41399"},{"taxonomy":"post_tag","embeddable":true,"href":"https:\/\/pdt-rj.org.br\/index.php\/wp-json\/wp\/v2\/tags?post=41399"}],"curies":[{"name":"wp","href":"https:\/\/api.w.org\/{rel}","templated":true}]}}