{"id":41370,"date":"2016-04-22T11:53:25","date_gmt":"2016-04-22T14:53:25","guid":{"rendered":"http:\/\/www.malungo2.com.br\/pdt\/desenv\/?p=41370"},"modified":"2016-04-22T11:53:25","modified_gmt":"2016-04-22T14:53:25","slug":"luis-nassif-carta-aos-ministros-do-supremo-tribunal-federal","status":"publish","type":"post","link":"https:\/\/pdt-rj.org.br\/index.php\/luis-nassif-carta-aos-ministros-do-supremo-tribunal-federal\/","title":{"rendered":"Lu\u00eds Nassif: Carta aos Ministros do Supremo Tribunal Federal"},"content":{"rendered":"<p>&nbsp;<\/p>\n<p>Como \u00e9 que faz, Teori, Carmen L\u00facia, Rosa Weber, Celso de Mello, Lu\u00eds Barroso, Luiz Fachin? Como \u00e9 que faz? N\u00e3o mencionei Lewandowski e Marco Aur\u00e9lio por desnecessidade; nem Gilmar, Toffoli e Fux\u00a0 por descren\u00e7a.<\/p>\n<p>Antes, voc\u00eas estavam sendo levados por uma onda \u00fanica de \u00f3dio preconceituoso, virulento,\u00a0 uma aparente unanimidade no obscurantismo, que os fez deixar de lado princ\u00edpios, valores e se escudar ou no endosso ou na procrastina\u00e7\u00e3o, iludindo-se &#8211; mais do que aos outros &#8211; que definindo o rito do impeachment, poderiam lavar as m\u00e3os para o golpe.<\/p>\n<p>Seus nomes, reputa\u00e7\u00f5es, s\u00e3o ativos p\u00fablicos. Deveriam\u00a0 ser utilizados em defesa do pa\u00eds e da democracia; mas, em muitos casos, foram recolhidos a fim de n\u00e3o os expor \u00e0 vilania.<\/p>\n<p>Afinal, se tornaram Ministros da mais alta corte para qu\u00ea?<\/p>\n<p>Os senhores\u00a0 estar\u00e3o desertando da linha de frente da grande luta civilizat\u00f3ria e deixando a na\u00e7\u00e3o exposta a esse ex\u00e9rcito de zumbis, querendo puxar de novo o pa\u00eds para as profundezas.<\/p>\n<p>N\u00e3o d\u00e1 mais para disfar\u00e7ar que n\u00e3o existe essa luta. Permitir o golpe ser\u00e1 entregar \u00e0 selvageria d\u00e9cadas de constru\u00e7\u00e3o democr\u00e1tica, de avan\u00e7os morais, de direitos das minorias, de constru\u00e7\u00e3o de uma p\u00e1tria mais justa e solid\u00e1ria.<\/p>\n<p>A imprensa mundial j\u00e1 constatou que \u00e9 golpe. A opini\u00e3o interna est\u00e1 dividida entre os que sabem que \u00e9 golpe, e defendem o impeachment; e os que sabem que \u00e9 golpe e reagem.<\/p>\n<p>Desde os epis\u00f3dios dantescos de domingo passado, acelerou-se uma mudan\u00e7a in\u00e9dita na opini\u00e3o p\u00fablica. Reparem nisso. Todo o trabalho sistem\u00e1tico de destrui\u00e7\u00e3o da imagem de Dilma Rousseff de repente come\u00e7ou a se dissolver no ar.<\/p>\n<p>Uma presidente fechada, falsamente fria, infensa a gestos de populismo ou de demagogia, distante at\u00e9, de repente passou a ser cercada por demonstra\u00e7\u00f5es emocionadas\u00a0 de carinho, como se senhoras, jovens, populares, impotentes ante o avan\u00e7o dos poderosos, a quisessem proteger com mantos de afeto. Abra\u00e7aram Dilma como quem simbolicamente abra\u00e7a a democracia. E os senhores, que deveriam ser os verdadeiros guardi\u00f5es da democracia, escondem-se?<\/p>\n<p>Antes que seja tarde, entendam a verdadeira voz das ruas, n\u00e3o a do \u00f3dio alimentado diuturnamente por uma imprensa que virou o fio, mas os apelos para a conc\u00f3rdia, para a paz, para o primado das leis. E, na base de tudo, a defesa da democracia.<\/p>\n<p>A vez dos jovens<\/p>\n<p>Aproveitei os feriados para vir para minha Po\u00e7os de Caldas. Minha ca\u00e7ula de 16 anos n\u00e3o veio. O motivo: ir \u00e0 Paulista hipotecar apoio \u00e0 presidente. A manifesta\u00e7\u00e3o surgiu espontaneamente pelas redes sociais, a rapaziada conversando entre si, acertando as pontas, sem a intermedia\u00e7\u00e3o de partidos ou movimentos. Mas unida pelos valores da generosidade, da solidariedade, pelas bandeiras das minorias e pelo verdadeiro sentimento de Brasil.<\/p>\n<p>S\u00e3o esses jovens que ir\u00e3o levar pelas pr\u00f3ximas d\u00e9cadas as li\u00e7\u00f5es deste momento e \u2013 tenham certeza &#8211; a reputa\u00e7\u00e3o de cada um dos senhores atrav\u00e9s dos tempos. N\u00e3o ter\u00e1 o sentido transit\u00f3rio das transmiss\u00f5es de TV, com seus motes bajulat\u00f3rios e seu padr\u00e3o BBB.\u00a0 Na mem\u00f3ria desses rapazes e mo\u00e7as est\u00e1 sendo registrada a hist\u00f3ria viva, tal e qual ser\u00e1 contada daqui a dez, vinte, trinta anos, pois deles nascer\u00e1 a nova elite pol\u00edtica e intelectual do pa\u00eds, da mesma maneira que nasceu a gera\u00e7\u00e3o das diretas.<\/p>\n<p>Devido \u00e0 censura, foram necess\u00e1rias muitas d\u00e9cadas para que a mancha da inf\u00e2mia se abatesse sobre os que recuaram no AI5, os Ministros que tergiversaram, os acad\u00eamicos que delataram, os jornalistas que celebraram a ditadura. Hoje em dia, esse julgamento se faz em tempo real.<\/p>\n<p>Nas \u00faltimas semanas est\u00e1 florescendo uma mobiliza\u00e7\u00e3o in\u00e9dita, que n\u00e3o se via desde a campanha das diretas.<\/p>\n<p>De um lado, o pa\u00eds moderno, institucional; do outro, o ex\u00e9rcito de zumbis que emergiu dos grot\u00f5es. De um lado, poetas, cantores, intelectuais e jovens, jovens, jovens, resgatando a dignidade nacional e a proposta de pacifica\u00e7\u00e3o. Do outro, o \u00f3dio rocambolesco aliado ao golpismo.<\/p>\n<p>N\u00e3o permitam que o golpe seja consumado. N\u00e3o humilhem o pa\u00eds perante a opini\u00e3o p\u00fablica mundial. Principalmente, deixem na mem\u00f3ria dessa rapaziada exemplos de dignidade. N\u00e3o ser\u00e1 por pedagogia, n\u00e3o: eles conhecem muito melhor o significado da palavra dignidade. Mas para n\u00e3o criar mais dificuldades para a retomada da grande caminhada civilizat\u00f3ria, quando a rapaziada receber o bast\u00e3o de nossa gera\u00e7\u00e3o.<\/p>\n<!-- AddThis Advanced Settings generic via filter on the_content --><!-- AddThis Share Buttons generic via filter on the_content -->","protected":false},"excerpt":{"rendered":"<p>&nbsp; Como \u00e9 que faz, Teori, Carmen L\u00facia, Rosa Weber, Celso de Mello, Lu\u00eds Barroso, Luiz Fachin? Como \u00e9 que faz? N\u00e3o mencionei Lewandowski e Marco Aur\u00e9lio por desnecessidade; nem Gilmar, Toffoli e Fux\u00a0 por descren\u00e7a. Antes, voc\u00eas estavam sendo levados por uma onda \u00fanica de \u00f3dio preconceituoso, virulento,\u00a0 uma aparente unanimidade no obscurantismo, que&#8230;<!-- AddThis Advanced Settings generic via filter on wp_trim_excerpt --><!-- AddThis Share Buttons generic via filter on wp_trim_excerpt --><\/p>\n","protected":false},"author":17,"featured_media":41371,"comment_status":"open","ping_status":"open","sticky":false,"template":"","format":"standard","meta":{"_monsterinsights_skip_tracking":false,"_monsterinsights_sitenote_active":false,"_monsterinsights_sitenote_note":"","_monsterinsights_sitenote_category":0,"_uf_show_specific_survey":0,"_uf_disable_surveys":false,"footnotes":""},"categories":[976],"tags":[],"class_list":["post-41370","post","type-post","status-publish","format-standard","has-post-thumbnail","hentry","category-noticias-em-destaque"],"acf":[],"_links":{"self":[{"href":"https:\/\/pdt-rj.org.br\/index.php\/wp-json\/wp\/v2\/posts\/41370","targetHints":{"allow":["GET"]}}],"collection":[{"href":"https:\/\/pdt-rj.org.br\/index.php\/wp-json\/wp\/v2\/posts"}],"about":[{"href":"https:\/\/pdt-rj.org.br\/index.php\/wp-json\/wp\/v2\/types\/post"}],"author":[{"embeddable":true,"href":"https:\/\/pdt-rj.org.br\/index.php\/wp-json\/wp\/v2\/users\/17"}],"replies":[{"embeddable":true,"href":"https:\/\/pdt-rj.org.br\/index.php\/wp-json\/wp\/v2\/comments?post=41370"}],"version-history":[{"count":0,"href":"https:\/\/pdt-rj.org.br\/index.php\/wp-json\/wp\/v2\/posts\/41370\/revisions"}],"wp:featuredmedia":[{"embeddable":true,"href":"https:\/\/pdt-rj.org.br\/index.php\/wp-json\/"}],"wp:attachment":[{"href":"https:\/\/pdt-rj.org.br\/index.php\/wp-json\/wp\/v2\/media?parent=41370"}],"wp:term":[{"taxonomy":"category","embeddable":true,"href":"https:\/\/pdt-rj.org.br\/index.php\/wp-json\/wp\/v2\/categories?post=41370"},{"taxonomy":"post_tag","embeddable":true,"href":"https:\/\/pdt-rj.org.br\/index.php\/wp-json\/wp\/v2\/tags?post=41370"}],"curies":[{"name":"wp","href":"https:\/\/api.w.org\/{rel}","templated":true}]}}