{"id":41179,"date":"2016-04-21T19:10:05","date_gmt":"2016-04-21T22:10:05","guid":{"rendered":"http:\/\/www.malungo2.com.br\/pdt\/desenv\/?p=41179"},"modified":"2016-04-21T19:10:05","modified_gmt":"2016-04-21T22:10:05","slug":"assista-hoje-as-20h30m-programa-do-pdt-em-rede-nacional-de-tv","status":"publish","type":"post","link":"https:\/\/pdt-rj.org.br\/index.php\/assista-hoje-as-20h30m-programa-do-pdt-em-rede-nacional-de-tv\/","title":{"rendered":"Assista hoje, \u00e0s 20h30m, Programa do PDT em rede nacional de TV"},"content":{"rendered":"<p>Assista hoje \u00e0s 20h30m o Programa Nacional do PDT em rede de r\u00e1dio e TV. Lupi, Ciro, trai\u00e7\u00e3o, trabalhismo, educa\u00e7\u00e3o, democracia e muito mais!<\/p>\n<p><iframe loading=\"lazy\" title=\"PROGRAMA NACIONAL DO PDT PRIMEIRO SEMESTRE 2016\" width=\"640\" height=\"360\" src=\"https:\/\/www.youtube.com\/embed\/f_NkJKrauKk?feature=oembed\" frameborder=\"0\" allow=\"accelerometer; autoplay; clipboard-write; encrypted-media; gyroscope; picture-in-picture; web-share\" referrerpolicy=\"strict-origin-when-cross-origin\" allowfullscreen><\/iframe><\/p>\n<p>&nbsp;<\/p>\n<p>&nbsp;<\/p>\n<p><a class=\"linksFace\" href=\"http:\/\/www.facebook.com\/pdt.org.br\" target=\"_blank\" rel=\"nofollow\">N\u00e3o perca! #N\u00e3oVaiTerGolpe<\/a><\/p>\n<!-- AddThis Advanced Settings generic via filter on the_content --><!-- AddThis Share Buttons generic via filter on the_content -->","protected":false},"excerpt":{"rendered":"<p>Assista hoje \u00e0s 20h30m o Programa Nacional do PDT em rede de r\u00e1dio e TV. Lupi, Ciro, trai\u00e7\u00e3o, trabalhismo, educa\u00e7\u00e3o, democracia e muito mais! &nbsp; &nbsp; N\u00e3o perca! #N\u00e3oVaiTerGolpe<!-- AddThis Advanced Settings generic via filter on wp_trim_excerpt --><!-- AddThis Share Buttons generic via filter on wp_trim_excerpt --><\/p>\n","protected":false},"author":17,"featured_media":41181,"comment_status":"open","ping_status":"open","sticky":false,"template":"","format":"standard","meta":{"_monsterinsights_skip_tracking":false,"_monsterinsights_sitenote_active":false,"_monsterinsights_sitenote_note":"","_monsterinsights_sitenote_category":0,"_uf_show_specific_survey":0,"_uf_disable_surveys":false,"footnotes":""},"categories":[1401],"tags":[196,38],"class_list":["post-41179","post","type-post","status-publish","format-standard","has-post-thumbnail","hentry","category-nacional","tag-carlos-lupi","tag-pdt"],"acf":[],"_links":{"self":[{"href":"https:\/\/pdt-rj.org.br\/index.php\/wp-json\/wp\/v2\/posts\/41179","targetHints":{"allow":["GET"]}}],"collection":[{"href":"https:\/\/pdt-rj.org.br\/index.php\/wp-json\/wp\/v2\/posts"}],"about":[{"href":"https:\/\/pdt-rj.org.br\/index.php\/wp-json\/wp\/v2\/types\/post"}],"author":[{"embeddable":true,"href":"https:\/\/pdt-rj.org.br\/index.php\/wp-json\/wp\/v2\/users\/17"}],"replies":[{"embeddable":true,"href":"https:\/\/pdt-rj.org.br\/index.php\/wp-json\/wp\/v2\/comments?post=41179"}],"version-history":[{"count":0,"href":"https:\/\/pdt-rj.org.br\/index.php\/wp-json\/wp\/v2\/posts\/41179\/revisions"}],"wp:featuredmedia":[{"embeddable":true,"href":"https:\/\/pdt-rj.org.br\/index.php\/wp-json\/"}],"wp:attachment":[{"href":"https:\/\/pdt-rj.org.br\/index.php\/wp-json\/wp\/v2\/media?parent=41179"}],"wp:term":[{"taxonomy":"category","embeddable":true,"href":"https:\/\/pdt-rj.org.br\/index.php\/wp-json\/wp\/v2\/categories?post=41179"},{"taxonomy":"post_tag","embeddable":true,"href":"https:\/\/pdt-rj.org.br\/index.php\/wp-json\/wp\/v2\/tags?post=41179"}],"curies":[{"name":"wp","href":"https:\/\/api.w.org\/{rel}","templated":true}]}}