{"id":41148,"date":"2016-04-21T10:46:34","date_gmt":"2016-04-21T13:46:34","guid":{"rendered":"http:\/\/www.malungo2.com.br\/pdt\/desenv\/?p=41148"},"modified":"2016-04-21T10:46:34","modified_gmt":"2016-04-21T13:46:34","slug":"the-guardian-e-the-new-york-times-condenam-golpe-no-brasil","status":"publish","type":"post","link":"https:\/\/pdt-rj.org.br\/index.php\/the-guardian-e-the-new-york-times-condenam-golpe-no-brasil\/","title":{"rendered":"&#8216;The Guardian&#8217;, &#8216;The Economist&#8217; e &#8216;The New York Times&#8217; condenam golpe no Brasil"},"content":{"rendered":"<p>Dois dos principais jornais do mundo, o norte-americano <em>The New York Times<\/em> e o brit\u00e2nico\u00a0<em>The Guardian<\/em>, publicaram na noite desta segunda-feira (18) editoriais sobre o processo de impeachment contra a presidenta Dilma Rousseff no Brasil. A revista inglesa &#8220;The Economist&#8221;, apesar de conservadora, foi tamb\u00e9m na mesma linha.<\/p>\n<p>Com duras cr\u00edticas ao processo aprovado neste domingo (17) na C\u00e2mara dos Deputados, <a href=\"http:\/\/www.theguardian.com\/commentisfree\/2016\/apr\/18\/the-guardian-view-on-dilma-rousseffs-impeachment-a-tragedy-and-a-scandal\">o editorial do <em>The Guardian<\/em><\/a> classificou o impeachment de Dilma como \u201cuma trag\u00e9dia e um esc\u00e2ndalo\u201d e destacou que \u201cnada ainda \u00e9 muito claro no Brasil, exceto que o pa\u00eds vai sofrer as consequ\u00eancias deste impeachment por muito tempo\u201d.<\/p>\n<p>\u201cLonge de ajudar a resolver a polariza\u00e7\u00e3o pol\u00edtica e social no Brasil, o impeachment tem exarcebado o problema\u201d, diz o texto, que destaca que o afastamento de Dilma \u201cpode fazer com que a a\u00e7\u00e3o anticorrup\u00e7\u00e3o no pa\u00eds desapare\u00e7a\u201d.<\/p>\n<p>J\u00e1 o <a href=\"http:\/\/mobile.nytimes.com\/2016\/04\/19\/opinion\/dilma-rousseffs-fight-for-political-survival.html?rref=collection%2Ftimestopic%2FRousseff%2C%20Dilma&amp;action=click&amp;contentCollection=timestopics\"><em>The New York Times<\/em>, com um texto mais factual<\/a>, n\u00e3o deixou de destacar que as chamadas pedaladas fiscais foram apenas um pretexto usado pelos opositores da presidenta para derrub\u00e1-la e chamou aten\u00e7\u00e3o para o fato de que a maior parte daqueles que querem seu impeachment s\u00e3o corruptos.<\/p>\n<p>\u201cMuitos dos legisladores que conduzem seu impeachment s\u00e3o acusados de crimes mais graves do que ela. Este \u00e9 um ponto v\u00e1lido\u201d, escreveram.<\/p>\n<p><img loading=\"lazy\" decoding=\"async\" class=\" wp-image-41153 alignright\" src=\"http:\/\/www.malungo2.com.br\/pdt\/desenv\/wp-content\/uploads\/2016\/04\/the-economist-300x300.jpg\" alt=\"the economist\" width=\"433\" height=\"433\" \/><\/p>\n<p>&nbsp;<\/p>\n<p style=\"text-align: right;\"><strong>A revista inglesa &#8220;The Economist&#8221;, conservadora, tamb\u00e9m dedicou a sua capa desta semana ao golpe parlamentar em curso no pa\u00eds. A respeito, o jornalista Ricardo Bruno, um dos mais respeitados do Rio de Janeiro, escreveu em seu facebook:\u00a0<\/strong><\/p>\n<p style=\"text-align: right;\"><strong>&#8220;A grita dos grandes ve\u00edculos de comunica\u00e7\u00e3o do Brasil contra a possibilidade da Presidente Dilma denunciar o golpe na Assembl\u00e9ia da ONU \u00e9 um claro sinal de que a tese da ilegal usurpa\u00e7\u00e3o de poderes come\u00e7a a ganhar corpo internacionalmente, retirando legitimidade de um futuro governo Temer. Vejam que a pr\u00f3pria &#8216;The Economist&#8217;, de linha editorial nitidamente conservadora, trata o impeachment como trai\u00e7\u00e3o. Em nenhuma an\u00e1lise internacional, a deposi\u00e7\u00e3o de Dilma \u00e9 tratada com seriedade. Todos veem no processo a contradi\u00e7\u00e3o insan\u00e1vel de Dilma &#8211; contra quem n\u00e3o h\u00e1 acusa\u00e7\u00f5es de favorecimento, &#8211; estar saindo por decis\u00e3o de algozes comprovadamente chafurdados no p\u00e2ntano da corrup\u00e7\u00e3o&#8217;.<\/strong><\/p>\n<!-- AddThis Advanced Settings generic via filter on the_content --><!-- AddThis Share Buttons generic via filter on the_content -->","protected":false},"excerpt":{"rendered":"<p>Dois dos principais jornais do mundo, o norte-americano The New York Times e o brit\u00e2nico\u00a0The Guardian, publicaram na noite desta segunda-feira (18) editoriais sobre o processo de impeachment contra a presidenta Dilma Rousseff no Brasil. A revista inglesa &#8220;The Economist&#8221;, apesar de conservadora, foi tamb\u00e9m na mesma linha. Com duras cr\u00edticas ao processo aprovado neste&#8230;<!-- AddThis Advanced Settings generic via filter on wp_trim_excerpt --><!-- AddThis Share Buttons generic via filter on wp_trim_excerpt --><\/p>\n","protected":false},"author":17,"featured_media":41149,"comment_status":"open","ping_status":"open","sticky":false,"template":"","format":"standard","meta":{"_monsterinsights_skip_tracking":false,"_monsterinsights_sitenote_active":false,"_monsterinsights_sitenote_note":"","_monsterinsights_sitenote_category":0,"_uf_show_specific_survey":0,"_uf_disable_surveys":false,"footnotes":""},"categories":[976],"tags":[445,761,914,915],"class_list":["post-41148","post","type-post","status-publish","format-standard","has-post-thumbnail","hentry","category-noticias-em-destaque","tag-golpe-no-brasil","tag-presidente-dilma-rousseff","tag-the-guardian","tag-the-new-york-times"],"acf":[],"_links":{"self":[{"href":"https:\/\/pdt-rj.org.br\/index.php\/wp-json\/wp\/v2\/posts\/41148","targetHints":{"allow":["GET"]}}],"collection":[{"href":"https:\/\/pdt-rj.org.br\/index.php\/wp-json\/wp\/v2\/posts"}],"about":[{"href":"https:\/\/pdt-rj.org.br\/index.php\/wp-json\/wp\/v2\/types\/post"}],"author":[{"embeddable":true,"href":"https:\/\/pdt-rj.org.br\/index.php\/wp-json\/wp\/v2\/users\/17"}],"replies":[{"embeddable":true,"href":"https:\/\/pdt-rj.org.br\/index.php\/wp-json\/wp\/v2\/comments?post=41148"}],"version-history":[{"count":0,"href":"https:\/\/pdt-rj.org.br\/index.php\/wp-json\/wp\/v2\/posts\/41148\/revisions"}],"wp:featuredmedia":[{"embeddable":true,"href":"https:\/\/pdt-rj.org.br\/index.php\/wp-json\/"}],"wp:attachment":[{"href":"https:\/\/pdt-rj.org.br\/index.php\/wp-json\/wp\/v2\/media?parent=41148"}],"wp:term":[{"taxonomy":"category","embeddable":true,"href":"https:\/\/pdt-rj.org.br\/index.php\/wp-json\/wp\/v2\/categories?post=41148"},{"taxonomy":"post_tag","embeddable":true,"href":"https:\/\/pdt-rj.org.br\/index.php\/wp-json\/wp\/v2\/tags?post=41148"}],"curies":[{"name":"wp","href":"https:\/\/api.w.org\/{rel}","templated":true}]}}