{"id":41122,"date":"2016-04-21T09:35:29","date_gmt":"2016-04-21T12:35:29","guid":{"rendered":"http:\/\/www.malungo2.com.br\/pdt\/desenv\/?p=41122"},"modified":"2016-04-21T09:35:29","modified_gmt":"2016-04-21T12:35:29","slug":"dilma-vai-denunciar-na-onu-golpe-em-curso-no-brasil","status":"publish","type":"post","link":"https:\/\/pdt-rj.org.br\/index.php\/dilma-vai-denunciar-na-onu-golpe-em-curso-no-brasil\/","title":{"rendered":"Dilma vai denunciar hoje na ONU golpe em curso no Brasil"},"content":{"rendered":"<p>O golpe parlamentar em curso no Brasil contra o mandato conquistado atrav\u00e9s do voto popular de mais de 54 milh\u00f5es de brasileiros ser\u00e1 o tema principal do discurso que a presidente Dilma Rousseff far\u00e1 amanh\u00e3 (22\/4) na sede das Na\u00e7\u00f5es Unidas, em Nova Iorque, na cerim\u00f4nia de assinatura do Acordo de Paris sobre a Mudan\u00e7a do Clima. Dilma anunciou a viagem no \u00faltimo instante e o fato preocupa os principais articuladores do golpe \u2013 aliados do vice-presidente Michel Temer (PMDB), que assumir\u00e1 o poder por tr\u00eas dias.<\/p>\n<p>Dilma nesta quinta para os Estados Unidos onde j\u00e1 se encontra, desde segunda-feira, o senador e presidente da Comiss\u00e3o de Rela\u00e7\u00f5es Exteriores do Senado, Aloysio Nunes Ferreira (PSDB-SP) \u2013 um dos principais articuladores do impeachment. Aloysio est\u00e1 nos EUA para uma s\u00e9rie de reuni\u00f5es com autoridades de l\u00e1, mas prefere rotul\u00e1-las de \u201cprivadas\u201d para evitar o ass\u00e9dio da imprensa, como denunciou o jornalista americano Glenn Greenwald, em mat\u00e9ria publicada esta semana no jornal \u201cThe Intercept\u201d.<\/p>\n<p>Segundo Dayane Santos, do portal Vermelho, \u201cenquanto a grande imprensa brasileira tenta dar um verniz legalista ao golpe cometido pela C\u00e2mara dos Deputados, a imprensa internacional tem apontado que o pedido de afastamento \u00e9 exclusivamente pol\u00edtico e resultado da polariza\u00e7\u00e3o\u201d.<\/p>\n<p>Na avalia\u00e7\u00e3o da jornalista, a den\u00fancia de Dilma na ONU ser\u00e1 important\u00edssima, dando seguimento, por exemplo, a entrevista coletiva que ela concedeu nesta ter\u00e7a a correspondentes internacionais de 56 pa\u00edses, oportunidade em que afirmou, com todas as letras, que seu vice, Michel Temer \u201cn\u00e3o tem legitimidade\u201d para assumir a presid\u00eancia no seu lugar e que o processo de impeachment em andamento, agora no Senado, \u00e9 uma farsa.<\/p>\n<p>\u201c\u00c9 estarrecedor que um vice-presidente, no exerc\u00edcio do mandato, conspire contra a presidenta abertamente. Em nenhuma democracia do mundo, uma pessoa que fizesse isso seria respeitada\u201d, afirmou Dilma na coletiva aos jornalistas estrangeiros.<\/p>\n<p>Dilma frisou, na entrevista \u00e0 imprensa estrangeira:<\/p>\n<p>\u201cH\u00e1 um golpe em curso que usa de uma apar\u00eancia de processo legal e democr\u00e1tico para perpetrar um crime que \u00e9 a injusti\u00e7a. Praticam comigo o jogo do \u2018quanto pior, melhor\u2019. Pior para o Brasil, melhor para a oposi\u00e7\u00e3o. E praticam isso por meio de pautas-bomba. Tamb\u00e9m me sinto injusti\u00e7ada por n\u00e3o me permitirem que governasse num clima de estabilidade pol\u00edtica. Saio dessa quest\u00e3o dos atos com a consci\u00eancia tranquila porque pratiquei atos que s\u00e3o praticados por todos os presidentes da Rep\u00fablica\u201d, frisou Dilma na coletiva.<\/p>\n<p>Publica\u00e7\u00f5es estrangeiras como a revista alem\u00e3 \u201cDer Spiegel\u201d, a inglesa \u2018The Economist\u2019, o jornal El Pa\u00eds (Espanha), P\u00fablico (Portugal), The Guardian (Inglaterra), P\u00e1gina 12 (Argentina) e at\u00e9 mesmo a rede de televis\u00e3o Al-Jazeera, entre outras, est\u00e3o denunciando a amea\u00e7a contra a democracia brasileira, exatamente como aconteceu recentemente na Ucrania, no Paraguai e na Guatemala \u2013 em golpes de estado articulados pelos Estados Unidos.<\/p>\n<p>Sob o t\u00edtulo \u201cA crise institucional no Brasil: Um golpe frio\u201d, o jornal alem\u00e3o Der Spiegel disse que a Rede Globo atua em defesa do golpe. \u201cParte da oposi\u00e7\u00e3o e da Justi\u00e7a agem, juntamente com a maior empresa de telecomunica\u00e7\u00f5es TV Globo, para estimular uma verdadeira ca\u00e7a \u00e0s bruxas que tem como alvo o ex-presidente Lula\u201d, disse o jornal.<\/p>\n<p>A declara\u00e7\u00e3o da presidenta ganha for\u00e7a junto \u00e0 popula\u00e7\u00e3o que n\u00e3o apoia o golpe. Nesta ter\u00e7a, um vendedor ambulante que estava em frente ao escrit\u00f3rio de Temer em S\u00e3o Paulo, ao avist\u00e1-lo, o chamou de \u201ctraidor\u201d e \u201cgolpista. Temer est\u00e1 em S\u00e3o Paulo se reunindo com seus principais aliados, Moreira Franco e Eliseu Padilha entre eles, para articular a montagem do governo que espera receber \u2013 aprovado o afastamento de Dilma da presid\u00eancia pelo Senado \u2013 ainda na primeira quinzena de maio.<\/p>\n<p>Ainda de acordo com o portal Vermelho, Temer vem buscando uma sa\u00edda \u201cpara dar uma fachada legal ao seu governo\u201d e aliados estariam preparando \u2013 com a ajuda entre outros de Fernando Henrique Cardoso, \u00a0de um discurso de posse que ter\u00e1 a preocupa\u00e7\u00e3o de \u00a0\u201ccamuflar o golpe\u201d.<\/p>\n<p>Entrevistado pela Globo, nos Estados Unidos, Aloysio Nunes Ferreira reagiu \u00e0 iniciativa de Dilma de denunciar ao mundo o golpe em curso no Brasil argumentando que ser\u00e1 nocivo para o pa\u00eds Dilma falar sobre o que est\u00e1 acontecendo no pa\u00eds.<\/p>\n<p>\u201cEspero que ela n\u00e3o fa\u00e7a desta visita \u00a0plataforma para fazer a campanha que vem fazendo no Brasil e que \u00e9 profundamente nociva aos interesses do povo brasileiro, porque ela tem dito por a\u00ed afora que o Brasil \u00e9 um pa\u00eds onde n\u00e3o h\u00e1 leis, n\u00e3o h\u00e1 Constitui\u00e7\u00e3o, h\u00e1 golpe de estado em marcha, uma total falsifica\u00e7\u00e3o da defesa dela, da realidade da pol\u00edtica da democracia brasileira. Eu acho que isso \u00e9 um desservi\u00e7o que ela presta ao pa\u00eds, querendo se vitimizar e falsificando a realidade institucional brasileira\u201d, afirmou.<\/p>\n<p>Na mesma linha, provocados pela Rede Globo de Televis\u00e3o, se manifestaram os ministros do Supremo Gilmar Mendes, Celso de Melo e Dias Toffoli.<\/p>\n<!-- AddThis Advanced Settings generic via filter on the_content --><!-- AddThis Share Buttons generic via filter on the_content -->","protected":false},"excerpt":{"rendered":"<p>O golpe parlamentar em curso no Brasil contra o mandato conquistado atrav\u00e9s do voto popular de mais de 54 milh\u00f5es de brasileiros ser\u00e1 o tema principal do discurso que a presidente Dilma Rousseff far\u00e1 amanh\u00e3 (22\/4) na sede das Na\u00e7\u00f5es Unidas, em Nova Iorque, na cerim\u00f4nia de assinatura do Acordo de Paris sobre a Mudan\u00e7a&#8230;<!-- AddThis Advanced Settings generic via filter on wp_trim_excerpt --><!-- AddThis Share Buttons generic via filter on wp_trim_excerpt --><\/p>\n","protected":false},"author":17,"featured_media":41123,"comment_status":"open","ping_status":"open","sticky":false,"template":"","format":"standard","meta":{"_monsterinsights_skip_tracking":false,"_monsterinsights_sitenote_active":false,"_monsterinsights_sitenote_note":"","_monsterinsights_sitenote_category":0,"_uf_show_specific_survey":0,"_uf_disable_surveys":false,"footnotes":""},"categories":[976],"tags":[22,10,67,821],"class_list":["post-41122","post","type-post","status-publish","format-standard","has-post-thumbnail","hentry","category-noticias-em-destaque","tag-brasil","tag-golpe","tag-onu","tag-republica-de-bananas"],"acf":[],"_links":{"self":[{"href":"https:\/\/pdt-rj.org.br\/index.php\/wp-json\/wp\/v2\/posts\/41122","targetHints":{"allow":["GET"]}}],"collection":[{"href":"https:\/\/pdt-rj.org.br\/index.php\/wp-json\/wp\/v2\/posts"}],"about":[{"href":"https:\/\/pdt-rj.org.br\/index.php\/wp-json\/wp\/v2\/types\/post"}],"author":[{"embeddable":true,"href":"https:\/\/pdt-rj.org.br\/index.php\/wp-json\/wp\/v2\/users\/17"}],"replies":[{"embeddable":true,"href":"https:\/\/pdt-rj.org.br\/index.php\/wp-json\/wp\/v2\/comments?post=41122"}],"version-history":[{"count":0,"href":"https:\/\/pdt-rj.org.br\/index.php\/wp-json\/wp\/v2\/posts\/41122\/revisions"}],"wp:featuredmedia":[{"embeddable":true,"href":"https:\/\/pdt-rj.org.br\/index.php\/wp-json\/"}],"wp:attachment":[{"href":"https:\/\/pdt-rj.org.br\/index.php\/wp-json\/wp\/v2\/media?parent=41122"}],"wp:term":[{"taxonomy":"category","embeddable":true,"href":"https:\/\/pdt-rj.org.br\/index.php\/wp-json\/wp\/v2\/categories?post=41122"},{"taxonomy":"post_tag","embeddable":true,"href":"https:\/\/pdt-rj.org.br\/index.php\/wp-json\/wp\/v2\/tags?post=41122"}],"curies":[{"name":"wp","href":"https:\/\/api.w.org\/{rel}","templated":true}]}}