{"id":41084,"date":"2016-04-20T16:11:04","date_gmt":"2016-04-20T19:11:04","guid":{"rendered":"http:\/\/www.malungo2.com.br\/pdt\/desenv\/?p=41084"},"modified":"2016-04-20T16:11:04","modified_gmt":"2016-04-20T19:11:04","slug":"glenn-greenwald-denuncia-viagem-de-aloysio-nunes-ferreira-aos-eua","status":"publish","type":"post","link":"https:\/\/pdt-rj.org.br\/index.php\/glenn-greenwald-denuncia-viagem-de-aloysio-nunes-ferreira-aos-eua\/","title":{"rendered":"Glenn Greenwald questiona contatos de Aloysio Nunes Ferreira nos EUA"},"content":{"rendered":"<p>O jornalista norte-americano Glenn Greenwald, em mat\u00e9ria publicada no jornal \u201cThe Intercept\u201d sobre o impeachment da presidente Dilma Rousseff, chama a aten\u00e7\u00e3o para a viagem aos Estados Unidos do senador Aloysio Nunes Ferreira (PSDB-SP), um dos l\u00edderes do movimento para afastar a presidente Dilma da presid\u00eancia da Rep\u00fablica, no dia seguinte \u00e0 vota\u00e7\u00e3o do impeachment na C\u00e2mara. Glenn Greenwald foi o jornalista que revelou ao mundo o agente da NSA Edward Snowden e suas den\u00fancias em rela\u00e7\u00e3o aos crimes cometidos pela intelig\u00eancia americana.<\/p>\n<p>Segundo o jornalista, Aloysio Nunes viajou para Washington \u201cpara participar de tr\u00eas dias de reuni\u00f5es com v\u00e1rias autoridades norte-americanas, al\u00e9m de lobistas e pessoas influentes pr\u00f3ximas a Clinton e outras lideran\u00e7as pol\u00edticas\u201d.<\/p>\n<p>Greenwald detalhou:<\/p>\n<p>\u201cNunes vai se reunir com o presidente e um membro do Comit\u00ea de Rela\u00e7\u00f5es Internacionais do Senado dos Estados Unidos, Bob Corker (republicano, do estado do Tennessee) e Ben Cardin (democrata, do estado de Maryland); \u00a0com o Subsecret\u00e1rio de Estado e ex-Embaixador no Brasil, Thomas Shannon, al\u00e9m de comparecer a um almo\u00e7o promovido pela empresa lobista de Washington, Albright Stonebridge Group, comandada pela ex-Secret\u00e1ria de Estado de Clinton, Madeleine Albright e pelo ex-Secret\u00e1rio de Com\u00e9rcio do ex-presidente Bush e ex-diretor-executivo da empresa Kellogg, Carlos Gutierrez\u201d.<\/p>\n<p>O jornalista revelou tamb\u00e9m que a Embaixada Brasileira em Washington e o gabinete do Senador Aloysio Nunes, consultados, despistaram afirmando que \u201cn\u00e3o tinham maiores informa\u00e7\u00f5es a respeito\u201d do almo\u00e7o e da visita do pol\u00edtico brasileiro.<\/p>\n<p>Greenwald destacou na mesma mat\u00e9ria o papel dos Estados Unidos no golpe de 64 e ressaltou o fato de que Aloysio Nunes, como presidente da Comiss\u00e3o de Rela\u00e7\u00f5es e Defesa Nacional do Senado brasileiro, tem defendido uma maior aproxima\u00e7\u00e3o do Brasil com os EUA e o Reino Unido. \u00a0Cita tamb\u00e9m o fato de que Nunes \u201cfoi fortemente apontado em den\u00fancias de corrup\u00e7\u00e3o\u201d.<\/p>\n<p>Destaca tamb\u00e9m que a sua viagem aos Estados Unidos \u201cfoi divulgada como ordem do pr\u00f3prio Temer, que est\u00e1 agindo como se j\u00e1 governasse o Brasil\u201d. Diz ainda que Temer estaria incomodado com as constante denuncias da imprensa internacional de que est\u00e1 acontecendo um golpe de estado no Brasil e teria enviado Aloysio Nunes aos Estados Unidos \u201cpara lan\u00e7ar uma contraofensiva de rela\u00e7\u00f5es p\u00fablicas\u201d, informa\u00e7\u00e3o inclusive divulgada pelo jornal \u201cFolha de S\u00e3o Paulo\u201d.<\/p>\n<p>Temer estaria tamb\u00e9m \u201cabertamente preocupado e furioso com a den\u00fancia do impeachment pela Organiza\u00e7\u00e3o de Estados Americanos, apoiada pelo Estados Unidos, cujo secret\u00e1rio-geral, Luis Almagro, disse que estava \u201cpreocupado com <a> credibilidade de alguns daqueles que julgar\u00e3o e decidir\u00e3o o processo\u201d contra Dilma.<\/p>\n<p>&nbsp;<\/p>\n<!-- AddThis Advanced Settings generic via filter on the_content --><!-- AddThis Share Buttons generic via filter on the_content -->","protected":false},"excerpt":{"rendered":"<p>O jornalista norte-americano Glenn Greenwald, em mat\u00e9ria publicada no jornal \u201cThe Intercept\u201d sobre o impeachment da presidente Dilma Rousseff, chama a aten\u00e7\u00e3o para a viagem aos Estados Unidos do senador Aloysio Nunes Ferreira (PSDB-SP), um dos l\u00edderes do movimento para afastar a presidente Dilma da presid\u00eancia da Rep\u00fablica, no dia seguinte \u00e0 vota\u00e7\u00e3o do impeachment&#8230;<!-- AddThis Advanced Settings generic via filter on wp_trim_excerpt --><!-- AddThis Share Buttons generic via filter on wp_trim_excerpt --><\/p>\n","protected":false},"author":17,"featured_media":41085,"comment_status":"open","ping_status":"open","sticky":false,"template":"","format":"standard","meta":{"_monsterinsights_skip_tracking":false,"_monsterinsights_sitenote_active":false,"_monsterinsights_sitenote_note":"","_monsterinsights_sitenote_category":0,"_uf_show_specific_survey":0,"_uf_disable_surveys":false,"footnotes":""},"categories":[976],"tags":[110,379,505,821],"class_list":["post-41084","post","type-post","status-publish","format-standard","has-post-thumbnail","hentry","category-noticias-em-destaque","tag-aloysio-nunes-ferreira","tag-eua","tag-intervencao","tag-republica-de-bananas"],"acf":[],"_links":{"self":[{"href":"https:\/\/pdt-rj.org.br\/index.php\/wp-json\/wp\/v2\/posts\/41084","targetHints":{"allow":["GET"]}}],"collection":[{"href":"https:\/\/pdt-rj.org.br\/index.php\/wp-json\/wp\/v2\/posts"}],"about":[{"href":"https:\/\/pdt-rj.org.br\/index.php\/wp-json\/wp\/v2\/types\/post"}],"author":[{"embeddable":true,"href":"https:\/\/pdt-rj.org.br\/index.php\/wp-json\/wp\/v2\/users\/17"}],"replies":[{"embeddable":true,"href":"https:\/\/pdt-rj.org.br\/index.php\/wp-json\/wp\/v2\/comments?post=41084"}],"version-history":[{"count":0,"href":"https:\/\/pdt-rj.org.br\/index.php\/wp-json\/wp\/v2\/posts\/41084\/revisions"}],"wp:featuredmedia":[{"embeddable":true,"href":"https:\/\/pdt-rj.org.br\/index.php\/wp-json\/"}],"wp:attachment":[{"href":"https:\/\/pdt-rj.org.br\/index.php\/wp-json\/wp\/v2\/media?parent=41084"}],"wp:term":[{"taxonomy":"category","embeddable":true,"href":"https:\/\/pdt-rj.org.br\/index.php\/wp-json\/wp\/v2\/categories?post=41084"},{"taxonomy":"post_tag","embeddable":true,"href":"https:\/\/pdt-rj.org.br\/index.php\/wp-json\/wp\/v2\/tags?post=41084"}],"curies":[{"name":"wp","href":"https:\/\/api.w.org\/{rel}","templated":true}]}}