{"id":40686,"date":"2016-04-17T12:19:38","date_gmt":"2016-04-17T15:19:38","guid":{"rendered":"http:\/\/www.malungo2.com.br\/pdt\/desenv\/?p=40686"},"modified":"2016-04-17T12:19:38","modified_gmt":"2016-04-17T15:19:38","slug":"dilma-ataca-golpistas-e-convoca-povo-a-lutar-pela-democracia","status":"publish","type":"post","link":"https:\/\/pdt-rj.org.br\/index.php\/dilma-ataca-golpistas-e-convoca-povo-a-lutar-pela-democracia\/","title":{"rendered":"Dilma ataca golpistas e convoca povo a lutar pela democracia"},"content":{"rendered":"<p>Em pronunciamento \u00e0 popula\u00e7\u00e3o veiculado nas redes sociais, gravado inicialmente para ir ao na sexta-feira (15\/4) em cadeia nacional de r\u00e1dio e TV, a presidenta Dilma Rousseff disse que o processo de impeachment contra ela no Congresso Nacional \u00e9 uma aventura golpista, na pr\u00e1tica &#8220;a maior fraude jur\u00eddica e pol\u00edtica da hist\u00f3ria&#8221; do Brasil.<\/p>\n<p>Dilma criticou o vice-presidente Michel Temer e o presidente da C\u00e2mara, Eduardo Cunha, ambos do PMDB, e disse que o impeachment, se aprovado, vai &#8220;humilhar&#8221; o Brasil diante da comunidade internacional como o pa\u00eds n\u00e3o passasse de \u201cuma republiqueta qualquer&#8221;.<\/p>\n<p>No mais firme e duro pronunciamento que j\u00e1 dirigiu \u00e0 Na\u00e7\u00e3o, Dilma afirmou:<\/p>\n<p>&#8220;A den\u00fancia contra mim em an\u00e1lise no Congresso Nacional n\u00e3o passa de uma fraude, a maior fraude jur\u00eddica e pol\u00edtica da hist\u00f3ria de nosso pa\u00eds. Sem ela, o impeachment sequer seria votado. O Brasil e a democracia n\u00e3o merecem tamanha farsa&#8221;, disse no v\u00eddeo.<\/p>\n<p>Durante os mais de seis minutos da grava\u00e7\u00e3o, Dilma menciona diversas vezes as express\u00f5es &#8220;golpe&#8221; e &#8220;golpistas&#8221;.<\/p>\n<p>Ela se dirige ao povo brasileiro para que continue defendendo a legalidade democr\u00e1tica, diz que \u00e9 sua obriga\u00e7\u00e3o esclarecer os fatos e denunciar as consequ\u00eancias do seu afastamento e alega que o que est\u00e1 em jogo, mais que seu mandato ou a defesa de seu governo, \u00e9 o &#8220;respeito \u00e0s urnas, \u00e0s conquistas sociais e aos direitos dos brasileiros&#8221;.<\/p>\n<p>Sem citar nomes, Dilma faz refer\u00eancias ao seu desafeto pol\u00edtico, Eduardo Cunha (PMDB-RJ), que, segundo o governo, aceitou o pedido de impeachment por vingan\u00e7a contra o PT, e a seu vice, Michel Temer, que no in\u00edcio da semana declarou, por meio de uma mensagem de voz, que, caso assumisse o poder, o povo brasileiro teria de fazer sacrif\u00edcios.<\/p>\n<p>&#8220;Pe\u00e7o a todos os brasileiros que n\u00e3o se deixem enganar. Vejam quem est\u00e1 liderando esse processo e o que prop\u00f5em para o futuro do Brasil. Os golpistas ja disseram que, se conseguirem usurpar o poder, ser\u00e1 necess\u00e1rio impor sacrif\u00edcios \u00e0 popula\u00e7\u00e3o brasileira. Com que legitimidade? Querem revogar direitos e cortar programas sociais, como o Bolsa Fam\u00edlia e o Minha Casa, Minha Vida&#8221;, disse.<\/p>\n<p>No v\u00eddeo, a presidenta diz fazer uma advert\u00eancia aos que tratam o impeachment como um &#8220;atalho ao poder&#8221;. Segundo ela, eles nunca poder\u00e3o &#8220;olhar nos olhos da Na\u00e7\u00e3o&#8221; porque a &#8220;palavra golpe estar\u00e1 para sempre gravada na testa dos traidores da democracia&#8221;.<\/p>\n<p>Agradecendo manifesta\u00e7\u00f5es em &#8220;defesa da democracia&#8221;, mesmo dos que s\u00e3o cr\u00edticos do governo, Dilma defendeu que o Brasil tem condi\u00e7\u00f5es de sair da crise e reencontrar a &#8220;paz necess\u00e1ria&#8221; para &#8220;retomar o rumo das mudan\u00e7as&#8221;.<\/p>\n<p>Disse tamb\u00e9m:<\/p>\n<p>&#8220;N\u00e3o se trata de concordar ou n\u00e3o com o governo, mas de combater um golpe de estado, uma viola\u00e7\u00e3o constitucional, que poder\u00e1 mergulhar o Brasil em um doloroso processo de instabilidade e inseguran\u00e7a [&#8230;] Mas somente o respeito \u00e0 ordem democr\u00e1tica pode assegurar a reunifica\u00e7\u00e3o nacional&#8221;.<\/p>\n<p>Al\u00e9m de refor\u00e7ar que n\u00e3o cometeu crime de responsabilidade, a presidenta lembrou que &#8220;jamais&#8221; impediu investiga\u00e7\u00f5es, que n\u00e3o possui o nome em &#8220;nenhuma lista de propina&#8221; e que n\u00e3o \u00e9 suspeita &#8220;de qualquer delito contra o bem comum&#8221;.<\/p>\n<p>&#8220;Antes de tudo, o que move os golpistas s\u00e3o os nossos acertos. Eles querem derrotar, a qualquer custo, o que represento: o projeto de desenvolvimento e inclus\u00e3o social pelo qual estamos trabalhando todos os dias nos ultimos 13 anos. Para alcan\u00e7ar seus objetivos, est\u00e3o dispostos a violentar a democracia e a rasgar a Constitui\u00e7\u00e3o Federal, espalhando intoler\u00e2ncia, \u00f3dio e viol\u00eancia entre n\u00f3s. Est\u00e3o dispostos a humilhar o Brasil perante a comunidade internacional, como se f\u00f4ssemos uma republiqueta qualquer e n\u00e3o uma das maiores democracias do mundo&#8221;, disse.<\/p>\n<p>O pronunciamento foi divulgado apenas pelas redes sociais.<\/p>\n<p>A grava\u00e7\u00e3o inicialmente estava prevista para ir ao ar em rede nacional de r\u00e1dio e televis\u00e3o na noite dessa sexta-feira (15). Ap\u00f3s o PSDB e o Solidariedade, partido ligado a Paulinho da For\u00e7a Sindical entrarem com pedidos na Justi\u00e7a para impedir a veicula\u00e7\u00e3o do v\u00eddeo, alegando desvio de finalidade no uso da prerrogativa presidencial de convocar a rede, o Planalto decidiu cancelar a exibi\u00e7\u00e3o nas emissoras.<\/p>\n<p>Depois de confirmado o cancelamento, a Secretaria de Comunica\u00e7\u00e3o Social da Presid\u00eancia informou que a equipe de Dilma decidiu que o alcance da mensagem seria mais amplo pela internet.<\/p>\n<p>Assista ao pronunciamento na \u00edntegra:<\/p>\n<p><iframe loading=\"lazy\" title=\"Pronunciamento - Dilma Rousseff 15 de Abril\" width=\"640\" height=\"360\" src=\"https:\/\/www.youtube.com\/embed\/nHZskHUXEKM?feature=oembed\" frameborder=\"0\" allow=\"accelerometer; autoplay; clipboard-write; encrypted-media; gyroscope; picture-in-picture; web-share\" referrerpolicy=\"strict-origin-when-cross-origin\" allowfullscreen><\/iframe><\/p>\n<!-- AddThis Advanced Settings generic via filter on the_content --><!-- AddThis Share Buttons generic via filter on the_content -->","protected":false},"excerpt":{"rendered":"<p>Em pronunciamento \u00e0 popula\u00e7\u00e3o veiculado nas redes sociais, gravado inicialmente para ir ao na sexta-feira (15\/4) em cadeia nacional de r\u00e1dio e TV, a presidenta Dilma Rousseff disse que o processo de impeachment contra ela no Congresso Nacional \u00e9 uma aventura golpista, na pr\u00e1tica &#8220;a maior fraude jur\u00eddica e pol\u00edtica da hist\u00f3ria&#8221; do Brasil. Dilma&#8230;<!-- AddThis Advanced Settings generic via filter on wp_trim_excerpt --><!-- AddThis Share Buttons generic via filter on wp_trim_excerpt --><\/p>\n","protected":false},"author":17,"featured_media":40531,"comment_status":"open","ping_status":"open","sticky":false,"template":"","format":"standard","meta":{"_monsterinsights_skip_tracking":false,"_monsterinsights_sitenote_active":false,"_monsterinsights_sitenote_note":"","_monsterinsights_sitenote_category":0,"_uf_show_specific_survey":0,"_uf_disable_surveys":false,"footnotes":""},"categories":[976],"tags":[],"class_list":["post-40686","post","type-post","status-publish","format-standard","has-post-thumbnail","hentry","category-noticias-em-destaque"],"acf":[],"_links":{"self":[{"href":"https:\/\/pdt-rj.org.br\/index.php\/wp-json\/wp\/v2\/posts\/40686","targetHints":{"allow":["GET"]}}],"collection":[{"href":"https:\/\/pdt-rj.org.br\/index.php\/wp-json\/wp\/v2\/posts"}],"about":[{"href":"https:\/\/pdt-rj.org.br\/index.php\/wp-json\/wp\/v2\/types\/post"}],"author":[{"embeddable":true,"href":"https:\/\/pdt-rj.org.br\/index.php\/wp-json\/wp\/v2\/users\/17"}],"replies":[{"embeddable":true,"href":"https:\/\/pdt-rj.org.br\/index.php\/wp-json\/wp\/v2\/comments?post=40686"}],"version-history":[{"count":0,"href":"https:\/\/pdt-rj.org.br\/index.php\/wp-json\/wp\/v2\/posts\/40686\/revisions"}],"wp:featuredmedia":[{"embeddable":true,"href":"https:\/\/pdt-rj.org.br\/index.php\/wp-json\/wp\/v2\/media\/40531"}],"wp:attachment":[{"href":"https:\/\/pdt-rj.org.br\/index.php\/wp-json\/wp\/v2\/media?parent=40686"}],"wp:term":[{"taxonomy":"category","embeddable":true,"href":"https:\/\/pdt-rj.org.br\/index.php\/wp-json\/wp\/v2\/categories?post=40686"},{"taxonomy":"post_tag","embeddable":true,"href":"https:\/\/pdt-rj.org.br\/index.php\/wp-json\/wp\/v2\/tags?post=40686"}],"curies":[{"name":"wp","href":"https:\/\/api.w.org\/{rel}","templated":true}]}}