{"id":40534,"date":"2016-04-16T08:10:56","date_gmt":"2016-04-16T11:10:56","guid":{"rendered":"http:\/\/www.malungo2.com.br\/pdt\/desenv\/?p=40534"},"modified":"2016-04-16T08:10:56","modified_gmt":"2016-04-16T11:10:56","slug":"pdt-vai-expulsar-deputado-que-votar-a-favor-do-impeachment","status":"publish","type":"post","link":"https:\/\/pdt-rj.org.br\/index.php\/pdt-vai-expulsar-deputado-que-votar-a-favor-do-impeachment\/","title":{"rendered":"PDT vai expulsar Deputado que votar a favor do impeachment"},"content":{"rendered":"<p>A Executiva nacional do PDT, reunida com a maioria da bancada, a Comiss\u00e3o de \u00c9tica e os presidentes dos movimentos partid\u00e1rios, decidiu nesta sexta-feira (15\/4) expulsar todos os deputados federais do PDT que votarem a favor do impeachment da presidente Dilma Rousseff, al\u00e9m de imediatamente destitu\u00ed-los de \u00a0cargos que ocupem na dire\u00e7\u00e3o do partido.<\/p>\n<p>O Diret\u00f3rio Nacional do partido j\u00e1 foi convocado &#8211; dia 30 de maio- para referendar os processos de expuls\u00e3o que ser\u00e3o abertos pela \u00a0Comiss\u00e3o de \u00c9tica j\u00e1 nesta segunda-feira contra \u00a0os deputados que n\u00e3o seguirem a determina\u00e7\u00e3o do Diret\u00f3rio Nacional e da Executiva, sendo garantido a todos amplo direito de defesa como prev\u00ea o Estatuto. O PDT tamb\u00e9m recorrer\u00e1 \u00e0 Justi\u00e7a para exigir de volta o mandato dos infi\u00e9is.<\/p>\n<p>Os processos de expuls\u00e3o ser\u00e3o abertos j\u00e1 na pr\u00f3xima segunda-feira (18\/4), \u00a0exceto o do deputado Giovanni Cherini (PDT-RS), \u00a0j\u00e1 \u00a0aberto, porque ele manifestou publicamente a sua decis\u00e3o de apoiar o impeachment. \u00a0Cherini s\u00f3 n\u00e3o ser\u00e1 expulso se votar contra o impeachment no domingo, ou se abster.<\/p>\n<p>Em entrevista coletiva, ao final da reuni\u00e3o, o presidente nacional do PDT, Carlos Lupi, explicou:<\/p>\n<p>\u201cOs parlamentares do PDT que se sentirem pessoalmente constrangidos a \u00a0votar contra o impeachment, poder\u00e3o se abster. Ou \u00a0\u00a0fazer declara\u00e7\u00e3o pessoal de voto a favor, mas votando contra \u00a0de acordo com a determina\u00e7\u00e3o do Diret\u00f3rio Nacional\u201d. \u00a0Quem votar a favor do impeachment j\u00e1 na segunda come\u00e7a a responder ao processo de expuls\u00e3o.<\/p>\n<p>Lupi explicou que o deputado Cherini tem at\u00e9 amanh\u00e3 para se decidir. \u00a0Se acompanhar a decis\u00e3o do partido, votando contra o impeachment, \u00a0o pedido de sua expuls\u00e3o ser\u00e1 retirado.<\/p>\n<p>\u2014 O fato configurado \u00e9 a vota\u00e7\u00e3o. No caso dele, existe a premedita\u00e7\u00e3o, mas ainda n\u00e3o existe o crime. Se n\u00e3o se configurar o crime &#8211; \u00e9 nulo o processo de expuls\u00e3o \u2014 \u00a0argumentou.<\/p>\n<p>Lupi disse que \u00a0n\u00e3o h\u00e1 \u201cnenhuma chance\u201d do PDTparticipar em um eventual governo Michel Temer, ao ser questionado por um rep\u00f3rter.<\/p>\n<p>\u201cN\u00f3s combatemos o golpe. Como poder\u00edamos ficar a favor do capit\u00e3o do golpe?\u201d, questionou, citando frase do ex-ministro e ex-governador Ciro Gomes.<\/p>\n<p>&nbsp;<\/p>\n<p>&nbsp;<\/p>\n<!-- AddThis Advanced Settings generic via filter on the_content --><!-- AddThis Share Buttons generic via filter on the_content -->","protected":false},"excerpt":{"rendered":"<p>A Executiva nacional do PDT, reunida com a maioria da bancada, a Comiss\u00e3o de \u00c9tica e os presidentes dos movimentos partid\u00e1rios, decidiu nesta sexta-feira (15\/4) expulsar todos os deputados federais do PDT que votarem a favor do impeachment da presidente Dilma Rousseff, al\u00e9m de imediatamente destitu\u00ed-los de \u00a0cargos que ocupem na dire\u00e7\u00e3o do partido. O&#8230;<!-- AddThis Advanced Settings generic via filter on wp_trim_excerpt --><!-- AddThis Share Buttons generic via filter on wp_trim_excerpt --><\/p>\n","protected":false},"author":17,"featured_media":40536,"comment_status":"open","ping_status":"open","sticky":false,"template":"","format":"standard","meta":{"_monsterinsights_skip_tracking":false,"_monsterinsights_sitenote_active":false,"_monsterinsights_sitenote_note":"","_monsterinsights_sitenote_category":0,"_uf_show_specific_survey":0,"_uf_disable_surveys":false,"footnotes":""},"categories":[1459,1401],"tags":[153,196,441,484],"class_list":["post-40534","post","type-post","status-publish","format-standard","has-post-thumbnail","hentry","category-congresso","category-nacional","tag-bancada-do-pdt-na-camara-federal","tag-carlos-lupi","tag-giovani-cherini","tag-impeachment-de-dilma"],"acf":[],"_links":{"self":[{"href":"https:\/\/pdt-rj.org.br\/index.php\/wp-json\/wp\/v2\/posts\/40534","targetHints":{"allow":["GET"]}}],"collection":[{"href":"https:\/\/pdt-rj.org.br\/index.php\/wp-json\/wp\/v2\/posts"}],"about":[{"href":"https:\/\/pdt-rj.org.br\/index.php\/wp-json\/wp\/v2\/types\/post"}],"author":[{"embeddable":true,"href":"https:\/\/pdt-rj.org.br\/index.php\/wp-json\/wp\/v2\/users\/17"}],"replies":[{"embeddable":true,"href":"https:\/\/pdt-rj.org.br\/index.php\/wp-json\/wp\/v2\/comments?post=40534"}],"version-history":[{"count":0,"href":"https:\/\/pdt-rj.org.br\/index.php\/wp-json\/wp\/v2\/posts\/40534\/revisions"}],"wp:featuredmedia":[{"embeddable":true,"href":"https:\/\/pdt-rj.org.br\/index.php\/wp-json\/"}],"wp:attachment":[{"href":"https:\/\/pdt-rj.org.br\/index.php\/wp-json\/wp\/v2\/media?parent=40534"}],"wp:term":[{"taxonomy":"category","embeddable":true,"href":"https:\/\/pdt-rj.org.br\/index.php\/wp-json\/wp\/v2\/categories?post=40534"},{"taxonomy":"post_tag","embeddable":true,"href":"https:\/\/pdt-rj.org.br\/index.php\/wp-json\/wp\/v2\/tags?post=40534"}],"curies":[{"name":"wp","href":"https:\/\/api.w.org\/{rel}","templated":true}]}}