{"id":39697,"date":"2016-04-09T19:46:48","date_gmt":"2016-04-09T22:46:48","guid":{"rendered":"http:\/\/pdt-rj.org.br\/?p=39697"},"modified":"2016-04-09T19:46:48","modified_gmt":"2016-04-09T22:46:48","slug":"39697","status":"publish","type":"post","link":"https:\/\/pdt-rj.org.br\/index.php\/39697\/","title":{"rendered":"Lupi participa de encontro regional do PDT em S\u00e3o Jos\u00e9 dos Campos (SP)"},"content":{"rendered":"<p>Lideran\u00e7as do PDT de 10 munic\u00edpios do interior paulista se reuniram\u00a0neste s\u00e1bado (9), na C\u00e2mara de S\u00e3o Jos\u00e9 dos Campos, em encontro que contou com a presen\u00e7a do presidente nacional da sigla, ex-ministro Carlos Lupi. Segundo o vereador Carlos Tiaca (PDT), a reuni\u00e3o que come\u00e7ou \u00e0s 10 horas e terminou ao meio dia, onde v\u00e1rias lideran\u00e7as se manifestaram, foi muito proveitosa.<\/p>\n<p>Entre os assuntos tratados, foi formalizado o apoio ao prefeito Carlinhos Almeida (PT), candidato \u00e0 reelei\u00e7\u00e3o em S\u00e3o Jos\u00e9 dos Campos em outubro. Tamb\u00e9m foram apresentadas as executivas regionais, num momento de integra\u00e7\u00e3o entre os diret\u00f3rios da regi\u00e3o.<\/p>\n<p>&#8220;O encontro foi para as pessoas se conhecerem no partido, tem muita gente nova, e para apresentar os candidatos a vereador. J\u00e1 montamos uma Secretaria da Juventude e o partido vem pra mostrar sua for\u00e7a nesse elei\u00e7\u00e3o&#8221;, disse o vereador Tiaca.<\/p>\n<!-- AddThis Advanced Settings generic via filter on the_content --><!-- AddThis Share Buttons generic via filter on the_content -->","protected":false},"excerpt":{"rendered":"<p>Lideran\u00e7as do PDT de 10 munic\u00edpios do interior paulista se reuniram\u00a0neste s\u00e1bado (9), na C\u00e2mara de S\u00e3o Jos\u00e9 dos Campos, em encontro que contou com a presen\u00e7a do presidente nacional da sigla, ex-ministro Carlos Lupi. Segundo o vereador Carlos Tiaca (PDT), a reuni\u00e3o que come\u00e7ou \u00e0s 10 horas e terminou ao meio dia, onde v\u00e1rias&#8230;<!-- AddThis Advanced Settings generic via filter on wp_trim_excerpt --><!-- AddThis Share Buttons generic via filter on wp_trim_excerpt --><\/p>\n","protected":false},"author":17,"featured_media":39698,"comment_status":"open","ping_status":"open","sticky":false,"template":"","format":"standard","meta":{"_monsterinsights_skip_tracking":false,"_monsterinsights_sitenote_active":false,"_monsterinsights_sitenote_note":"","_monsterinsights_sitenote_category":0,"_uf_show_specific_survey":0,"_uf_disable_surveys":false,"footnotes":""},"categories":[1402,1401],"tags":[196,38,854,951],"class_list":["post-39697","post","type-post","status-publish","format-standard","has-post-thumbnail","hentry","category-cidades","category-nacional","tag-carlos-lupi","tag-pdt","tag-sao-jose-dos-campos","tag-vereador-tiaca"],"acf":[],"_links":{"self":[{"href":"https:\/\/pdt-rj.org.br\/index.php\/wp-json\/wp\/v2\/posts\/39697","targetHints":{"allow":["GET"]}}],"collection":[{"href":"https:\/\/pdt-rj.org.br\/index.php\/wp-json\/wp\/v2\/posts"}],"about":[{"href":"https:\/\/pdt-rj.org.br\/index.php\/wp-json\/wp\/v2\/types\/post"}],"author":[{"embeddable":true,"href":"https:\/\/pdt-rj.org.br\/index.php\/wp-json\/wp\/v2\/users\/17"}],"replies":[{"embeddable":true,"href":"https:\/\/pdt-rj.org.br\/index.php\/wp-json\/wp\/v2\/comments?post=39697"}],"version-history":[{"count":0,"href":"https:\/\/pdt-rj.org.br\/index.php\/wp-json\/wp\/v2\/posts\/39697\/revisions"}],"wp:featuredmedia":[{"embeddable":true,"href":"https:\/\/pdt-rj.org.br\/index.php\/wp-json\/wp\/v2\/media\/39698"}],"wp:attachment":[{"href":"https:\/\/pdt-rj.org.br\/index.php\/wp-json\/wp\/v2\/media?parent=39697"}],"wp:term":[{"taxonomy":"category","embeddable":true,"href":"https:\/\/pdt-rj.org.br\/index.php\/wp-json\/wp\/v2\/categories?post=39697"},{"taxonomy":"post_tag","embeddable":true,"href":"https:\/\/pdt-rj.org.br\/index.php\/wp-json\/wp\/v2\/tags?post=39697"}],"curies":[{"name":"wp","href":"https:\/\/api.w.org\/{rel}","templated":true}]}}