{"id":39411,"date":"2016-04-06T05:02:57","date_gmt":"2016-04-06T08:02:57","guid":{"rendered":"http:\/\/www.malungo2.com.br\/pdt\/desenv\/?p=39411"},"modified":"2016-04-06T05:02:57","modified_gmt":"2016-04-06T08:02:57","slug":"dilma-conhece-na-base-aerea-de-brasilia-o-kc-390-aeronave-militar-fabricada-no-brasil","status":"publish","type":"post","link":"https:\/\/pdt-rj.org.br\/index.php\/dilma-conhece-na-base-aerea-de-brasilia-o-kc-390-aeronave-militar-fabricada-no-brasil\/","title":{"rendered":"KC-390, avi\u00e3o militar projetado e fabricado no Brasil, \u00e9 apresentado a Dilma em Bras\u00edlia"},"content":{"rendered":"<p>A presidente Dilma Rousseff conheceu nesta ter\u00e7a-feira (5\/4), em cerim\u00f4nia na Base A\u00e9rea de Bras\u00edlia, a aeronave militar KC-390, fabricada pela empresa brasileira Embraer em parceria com a Argentina, Portugal e Rep\u00fablica Tcheca.<\/p>\n<p>O contrato entre o governo e a companhia prev\u00ea a aquisi\u00e7\u00e3o de 28 aeronaves como a apresentada nesta ter\u00e7a, totalizando investimentos de R$ 7,2 bilh\u00f5es.<\/p>\n<p>Segundo o Minist\u00e9rio da Defesa, o KC-390 \u00e9 uma aeronave de transporte militar, constru\u00edda para realizar opera\u00e7\u00f5es de evacua\u00e7\u00e3o, busca, resgate e combate a inc\u00eandios florestais.<\/p>\n<p>Al\u00e9m disso, informou a pasta, \u00e9 um avi\u00e3o tipo cargueiro que tamb\u00e9m pode ser usado para reabastecimento de helic\u00f3pteros e ca\u00e7as de alto desempenho.<\/p>\n<p>&#8220;Com 35,2 metros de comprimento e capacidade para transportar at\u00e9 26 toneladas de carga, o KC-390 \u00e9 o maior avi\u00e3o j\u00e1 desenvolvido no Brasil. Mais de 50 empresas brasileiras participam do projeto&#8221;, informou a Defesa.<\/p>\n<p>Segundo a Defesa, o KC-390 atinge uma velocidade de 870 km\/h e pode operar em pistas n\u00e3o pavimentadas.<\/p>\n<p>Ainda conforme o minist\u00e9rio, a aeronave fez o primeiro voo em janeiro do ano passado e est\u00e1 na fase de testes e a entrega para uso dever\u00e1 ocorrer no primeiro semestre de 2018.<\/p>\n<!-- AddThis Advanced Settings generic via filter on the_content --><!-- AddThis Share Buttons generic via filter on the_content -->","protected":false},"excerpt":{"rendered":"<p>A presidente Dilma Rousseff conheceu nesta ter\u00e7a-feira (5\/4), em cerim\u00f4nia na Base A\u00e9rea de Bras\u00edlia, a aeronave militar KC-390, fabricada pela empresa brasileira Embraer em parceria com a Argentina, Portugal e Rep\u00fablica Tcheca. O contrato entre o governo e a companhia prev\u00ea a aquisi\u00e7\u00e3o de 28 aeronaves como a apresentada nesta ter\u00e7a, totalizando investimentos de&#8230;<!-- AddThis Advanced Settings generic via filter on wp_trim_excerpt --><!-- AddThis Share Buttons generic via filter on wp_trim_excerpt --><\/p>\n","protected":false},"author":17,"featured_media":39412,"comment_status":"open","ping_status":"open","sticky":false,"template":"","format":"standard","meta":{"_monsterinsights_skip_tracking":false,"_monsterinsights_sitenote_active":false,"_monsterinsights_sitenote_note":"","_monsterinsights_sitenote_category":0,"_uf_show_specific_survey":0,"_uf_disable_surveys":false,"footnotes":""},"categories":[976],"tags":[158,412,540],"class_list":["post-39411","post","type-post","status-publish","format-standard","has-post-thumbnail","hentry","category-noticias-em-destaque","tag-base-aerea-de-brasilia","tag-forca-aerea-brasileira","tag-kc-390"],"acf":[],"_links":{"self":[{"href":"https:\/\/pdt-rj.org.br\/index.php\/wp-json\/wp\/v2\/posts\/39411","targetHints":{"allow":["GET"]}}],"collection":[{"href":"https:\/\/pdt-rj.org.br\/index.php\/wp-json\/wp\/v2\/posts"}],"about":[{"href":"https:\/\/pdt-rj.org.br\/index.php\/wp-json\/wp\/v2\/types\/post"}],"author":[{"embeddable":true,"href":"https:\/\/pdt-rj.org.br\/index.php\/wp-json\/wp\/v2\/users\/17"}],"replies":[{"embeddable":true,"href":"https:\/\/pdt-rj.org.br\/index.php\/wp-json\/wp\/v2\/comments?post=39411"}],"version-history":[{"count":0,"href":"https:\/\/pdt-rj.org.br\/index.php\/wp-json\/wp\/v2\/posts\/39411\/revisions"}],"wp:featuredmedia":[{"embeddable":true,"href":"https:\/\/pdt-rj.org.br\/index.php\/wp-json\/"}],"wp:attachment":[{"href":"https:\/\/pdt-rj.org.br\/index.php\/wp-json\/wp\/v2\/media?parent=39411"}],"wp:term":[{"taxonomy":"category","embeddable":true,"href":"https:\/\/pdt-rj.org.br\/index.php\/wp-json\/wp\/v2\/categories?post=39411"},{"taxonomy":"post_tag","embeddable":true,"href":"https:\/\/pdt-rj.org.br\/index.php\/wp-json\/wp\/v2\/tags?post=39411"}],"curies":[{"name":"wp","href":"https:\/\/api.w.org\/{rel}","templated":true}]}}