{"id":39354,"date":"2016-04-05T19:24:59","date_gmt":"2016-04-05T22:24:59","guid":{"rendered":"http:\/\/www.malungo2.com.br\/pdt\/?p=39354"},"modified":"2017-10-26T09:08:08","modified_gmt":"2017-10-26T11:08:08","slug":"diretorio-nacional-do-pdt-fechou-questao-contra-o-impeachment-em-janeiro","status":"publish","type":"post","link":"https:\/\/pdt-rj.org.br\/index.php\/diretorio-nacional-do-pdt-fechou-questao-contra-o-impeachment-em-janeiro\/","title":{"rendered":"PDT fechou quest\u00e3o contra o impeachment em janeiro"},"content":{"rendered":"<p>&nbsp;<\/p>\n<p>A posi\u00e7\u00e3o do PDT contraria ao impeachment da presidente Dilma Rousseff foi discutida pela Executiva nacional, aprovada por unanimidade e posteriormente referendada pelo Diret\u00f3rio Nacional do partido &#8211; tamb\u00e9m por unanimidade &#8211; em reuni\u00e3o extraordin\u00e1ria realizada na sede do Diret\u00f3rio Nacional do partido, em Bras\u00edlia, no dia 22 de janeiro deste ano.<\/p>\n<p>A reuni\u00e3o foi presidida pelo presidente nacional do PDT, Carlos Lupi, e a decis\u00e3o contra o impeachment &#8211; a qual ter\u00e3o que se submeter todos os pedetistas pelo fato de ter sido aprovado pela instancia partid\u00e1ria maior, o Diret\u00f3rio Nacional, vale para todos.<\/p>\n<p>Na ocasi\u00e3o, nos discursos que se multiplicaram sobre a quest\u00e3o e foi un\u00e2nime a opini\u00e3o que a abertura e o processo de impeachment contra o mandato popular obtido nas urnas pela presidente Dilma Rousseff, seria um golpe, uma ofensa \u00e0 democracia brasileira.<\/p>\n<p>Tamb\u00e9m na ocasi\u00e3o Lupi advertiu, na hora da vota\u00e7\u00e3o:<\/p>\n<p>\u201cQue fique p\u00fablico e not\u00f3rio que todos aqueles que n\u00e3o obedecerem a decis\u00e3o do Diret\u00f3rio Nacional do PDT estar\u00e3o sujeitos as san\u00e7\u00f5es previstas no Estatuto\u201d.<\/p>\n<p>Revejam como Confira a vota\u00e7\u00e3o, no v\u00eddeo abaixo.<\/p>\n<p><iframe loading=\"lazy\" title=\"Decis\u00e3o do Diret\u00f3rio Nacional do PDT sobre o impeachment\" width=\"640\" height=\"360\" src=\"https:\/\/www.youtube.com\/embed\/o2odnFd0a7s?feature=oembed\" frameborder=\"0\" allow=\"accelerometer; autoplay; clipboard-write; encrypted-media; gyroscope; picture-in-picture; web-share\" referrerpolicy=\"strict-origin-when-cross-origin\" allowfullscreen><\/iframe><\/p>\n<!-- AddThis Advanced Settings generic via filter on the_content --><!-- AddThis Share Buttons generic via filter on the_content -->","protected":false},"excerpt":{"rendered":"<p>&nbsp; A posi\u00e7\u00e3o do PDT contraria ao impeachment da presidente Dilma Rousseff foi discutida pela Executiva nacional, aprovada por unanimidade e posteriormente referendada pelo Diret\u00f3rio Nacional do partido &#8211; tamb\u00e9m por unanimidade &#8211; em reuni\u00e3o extraordin\u00e1ria realizada na sede do Diret\u00f3rio Nacional do partido, em Bras\u00edlia, no dia 22 de janeiro deste ano. A reuni\u00e3o&#8230;<!-- AddThis Advanced Settings generic via filter on wp_trim_excerpt --><!-- AddThis Share Buttons generic via filter on wp_trim_excerpt --><\/p>\n","protected":false},"author":17,"featured_media":39357,"comment_status":"closed","ping_status":"open","sticky":false,"template":"","format":"standard","meta":{"_monsterinsights_skip_tracking":false,"_monsterinsights_sitenote_active":false,"_monsterinsights_sitenote_note":"","_monsterinsights_sitenote_category":0,"_uf_show_specific_survey":0,"_uf_disable_surveys":false,"footnotes":""},"categories":[976],"tags":[196,287,23,318,10,24,38],"class_list":["post-39354","post","type-post","status-publish","format-standard","has-post-thumbnail","hentry","category-noticias-em-destaque","tag-carlos-lupi","tag-democracia","tag-dilma-rousseff","tag-diretorio-nacional","tag-golpe","tag-impeachment","tag-pdt"],"acf":[],"_links":{"self":[{"href":"https:\/\/pdt-rj.org.br\/index.php\/wp-json\/wp\/v2\/posts\/39354","targetHints":{"allow":["GET"]}}],"collection":[{"href":"https:\/\/pdt-rj.org.br\/index.php\/wp-json\/wp\/v2\/posts"}],"about":[{"href":"https:\/\/pdt-rj.org.br\/index.php\/wp-json\/wp\/v2\/types\/post"}],"author":[{"embeddable":true,"href":"https:\/\/pdt-rj.org.br\/index.php\/wp-json\/wp\/v2\/users\/17"}],"replies":[{"embeddable":true,"href":"https:\/\/pdt-rj.org.br\/index.php\/wp-json\/wp\/v2\/comments?post=39354"}],"version-history":[{"count":1,"href":"https:\/\/pdt-rj.org.br\/index.php\/wp-json\/wp\/v2\/posts\/39354\/revisions"}],"predecessor-version":[{"id":56383,"href":"https:\/\/pdt-rj.org.br\/index.php\/wp-json\/wp\/v2\/posts\/39354\/revisions\/56383"}],"wp:featuredmedia":[{"embeddable":true,"href":"https:\/\/pdt-rj.org.br\/index.php\/wp-json\/wp\/v2\/media\/39357"}],"wp:attachment":[{"href":"https:\/\/pdt-rj.org.br\/index.php\/wp-json\/wp\/v2\/media?parent=39354"}],"wp:term":[{"taxonomy":"category","embeddable":true,"href":"https:\/\/pdt-rj.org.br\/index.php\/wp-json\/wp\/v2\/categories?post=39354"},{"taxonomy":"post_tag","embeddable":true,"href":"https:\/\/pdt-rj.org.br\/index.php\/wp-json\/wp\/v2\/tags?post=39354"}],"curies":[{"name":"wp","href":"https:\/\/api.w.org\/{rel}","templated":true}]}}