{"id":39200,"date":"2016-04-02T04:20:51","date_gmt":"2016-04-02T07:20:51","guid":{"rendered":"http:\/\/www.malungo2.com.br\/pdt\/desenv\/?p=39200"},"modified":"2016-04-02T04:20:51","modified_gmt":"2016-04-02T07:20:51","slug":"comissao-criada-por-cunha-para-acabar-com-a-lei-da-partilha-se-reune-terca-56-a14h30m","status":"publish","type":"post","link":"https:\/\/pdt-rj.org.br\/index.php\/comissao-criada-por-cunha-para-acabar-com-a-lei-da-partilha-se-reune-terca-56-a14h30m\/","title":{"rendered":"Comiss\u00e3o criada por Cunha para entregar pr\u00e9-sal se re\u00fane hoje \u00e0s 14:30"},"content":{"rendered":"<p>A Comiss\u00e3o Especial da Petrobras e Explora\u00e7\u00e3o do Pr\u00e9-Sal \u00a0que discute o PL 4567\/16, que tem por objetivo revogar a Lei da Partilha e entregar o pr\u00e9-sal para as petrol\u00edferas estrangeiras \u00a0se re\u00fane hoje, ter\u00e7a-feira (5\/4), \u00e0s 14h30m no plen\u00e1rio 10 das salas de comiss\u00f5es da C\u00e2mara \u00a0para &#8220;ouvir sugest\u00f5es ao plano trabalho e deliberar sobre requerimentos&#8221;, de acordo com a sua convoca\u00e7\u00e3o.<\/p>\n<p>A comiss\u00e3o foi criada por Eduardo Cunha para dar continuidade, na C\u00e2mara dos Deputados, ao PLS-131 do senador Jos\u00e9 Serra que fragiliza a Petrobras, retirando dela a posi\u00e7\u00e3o de operadora \u00fanica da\u00a0 explora\u00e7\u00e3o do pr\u00e9-sal \u2013 e para atender as empresas estrangeiras interessadas em se apossar das jazidas petrol\u00edferas do pr\u00e9-sal, a maior descoberta da ind\u00fastria mundial do petr\u00f3leo nos \u00faltimos 20 anos .<\/p>\n<p>O projeto, do Senado, retira da Petrobras a obrigatoriedade de participar da extra\u00e7\u00e3o de petr\u00f3leo da camada pr\u00e9-sal. Atualmente, a Lei 12.351\/10 determina que a Petrobras seja a operadora exclusiva respons\u00e1vel pela condu\u00e7\u00e3o e execu\u00e7\u00e3o de todas as atividades de explora\u00e7\u00e3o, avalia\u00e7\u00e3o, desenvolvimento, produ\u00e7\u00e3o e desativa\u00e7\u00e3o das instala\u00e7\u00f5es de explora\u00e7\u00e3o e produ\u00e7\u00e3o de petr\u00f3leo.<\/p>\n<p>A reuni\u00e3o ser\u00e1 realizada \u00e0s 14h30 no plen\u00e1rio 10.<\/p>\n<p>&nbsp;<\/p>\n<p><strong>Leia a \u00edntegra do projeto entreguista patrocinado por Eduardo Cunha e Jos\u00e9 Serra<\/strong><\/p>\n<p><strong><a href=\"http:\/\/www.camara.gov.br\/internet\/sileg\/Prop_Detalhe.asp?id=2078295\">PL-4567\/2016<\/a><\/strong><\/p>\n<p>&nbsp;<\/p>\n<!-- AddThis Advanced Settings generic via filter on the_content --><!-- AddThis Share Buttons generic via filter on the_content -->","protected":false},"excerpt":{"rendered":"<p>A Comiss\u00e3o Especial da Petrobras e Explora\u00e7\u00e3o do Pr\u00e9-Sal \u00a0que discute o PL 4567\/16, que tem por objetivo revogar a Lei da Partilha e entregar o pr\u00e9-sal para as petrol\u00edferas estrangeiras \u00a0se re\u00fane hoje, ter\u00e7a-feira (5\/4), \u00e0s 14h30m no plen\u00e1rio 10 das salas de comiss\u00f5es da C\u00e2mara \u00a0para &#8220;ouvir sugest\u00f5es ao plano trabalho e deliberar&#8230;<!-- AddThis Advanced Settings generic via filter on wp_trim_excerpt --><!-- AddThis Share Buttons generic via filter on wp_trim_excerpt --><\/p>\n","protected":false},"author":17,"featured_media":38970,"comment_status":"open","ping_status":"open","sticky":false,"template":"","format":"standard","meta":{"_monsterinsights_skip_tracking":false,"_monsterinsights_sitenote_active":false,"_monsterinsights_sitenote_note":"","_monsterinsights_sitenote_category":0,"_uf_show_specific_survey":0,"_uf_disable_surveys":false,"footnotes":""},"categories":[976],"tags":[],"class_list":["post-39200","post","type-post","status-publish","format-standard","has-post-thumbnail","hentry","category-noticias-em-destaque"],"acf":[],"_links":{"self":[{"href":"https:\/\/pdt-rj.org.br\/index.php\/wp-json\/wp\/v2\/posts\/39200","targetHints":{"allow":["GET"]}}],"collection":[{"href":"https:\/\/pdt-rj.org.br\/index.php\/wp-json\/wp\/v2\/posts"}],"about":[{"href":"https:\/\/pdt-rj.org.br\/index.php\/wp-json\/wp\/v2\/types\/post"}],"author":[{"embeddable":true,"href":"https:\/\/pdt-rj.org.br\/index.php\/wp-json\/wp\/v2\/users\/17"}],"replies":[{"embeddable":true,"href":"https:\/\/pdt-rj.org.br\/index.php\/wp-json\/wp\/v2\/comments?post=39200"}],"version-history":[{"count":0,"href":"https:\/\/pdt-rj.org.br\/index.php\/wp-json\/wp\/v2\/posts\/39200\/revisions"}],"wp:featuredmedia":[{"embeddable":true,"href":"https:\/\/pdt-rj.org.br\/index.php\/wp-json\/"}],"wp:attachment":[{"href":"https:\/\/pdt-rj.org.br\/index.php\/wp-json\/wp\/v2\/media?parent=39200"}],"wp:term":[{"taxonomy":"category","embeddable":true,"href":"https:\/\/pdt-rj.org.br\/index.php\/wp-json\/wp\/v2\/categories?post=39200"},{"taxonomy":"post_tag","embeddable":true,"href":"https:\/\/pdt-rj.org.br\/index.php\/wp-json\/wp\/v2\/tags?post=39200"}],"curies":[{"name":"wp","href":"https:\/\/api.w.org\/{rel}","templated":true}]}}