{"id":38947,"date":"2016-03-27T12:31:57","date_gmt":"2016-03-27T15:31:57","guid":{"rendered":"http:\/\/www.malungo2.com.br\/pdt\/desenv\/?p=38947"},"modified":"2016-03-27T12:31:57","modified_gmt":"2016-03-27T15:31:57","slug":"policial-que-denunciou-aecio-lucas-arcanjo-e-encontrado-morto-em-bh","status":"publish","type":"post","link":"https:\/\/pdt-rj.org.br\/index.php\/policial-que-denunciou-aecio-lucas-arcanjo-e-encontrado-morto-em-bh\/","title":{"rendered":"Policial que denunciou A\u00e9cio, Lucas Arcanjo, \u00e9 encontrado morto em BH"},"content":{"rendered":"<h1><\/h1>\n<p><strong>\u00a0Da Reda\u00e7\u00e3o (Viomundo)<\/strong><\/p>\n<p>Em 2014, o policial civil<strong><a href=\"https:\/\/www.facebook.com\/lucas.gomesarcanjo?fref=nf\">\u00a0Lucas Gomes Arcanjo postou no Facebook<\/a>\u00a0<\/strong>com graves den\u00fancias ao senador A\u00e9cio Neves,\u00a0ent\u00e3o candidato \u00e0 Presid\u00eancia da Rep\u00fablica pelo PSDB.<\/p>\n<p>O v\u00eddeo viralizou na rede. Teve mais de um milh\u00e3o de visualiza\u00e7\u00f5es, al\u00e9m de 120 mil compartilhamentos<\/p>\n<p>Neste s\u00e1bado, 26 de mar\u00e7o, Lucas Arcanjo foi encontrado morto\u00a0em sua casa em Belo Horizonte (MG).<\/p>\n<div class=\"col-lg-12 col-md-12 col-sm-12 col-xs-12 padding0 \">\n<div class=\"col-lg-12 col-md-12 col-sm-12 col-xs-12 padding0 \">\n<div class=\"com\">\n<p>Segundo informa\u00e7\u00f5es recebidas pelo site <strong><a href=\"http:\/\/www.debateprogressista.com.br\/2016\/03\/ex-policial-civil-lucas-gomes-arcanjo-e.html\">Debate Progressista<\/a><\/strong>, Arcanjo se enforcou utilizando uma gravata:<\/p>\n<p>Como Lucas era muito conhecido pelas den\u00fancias contra caciques tucanos em MG, a possibilidade de retalia\u00e7\u00e3o n\u00e3o \u00e9 descartada.<\/p>\n<p>O investigador j\u00e1 tinha sido v\u00edtima de 4 atentados em respostas \u00e0s den\u00fancias que fazia, uma delas o deixou com uma sequela na perna, Arcanjo andava com ajuda de uma bengala.<\/p>\n<p>O <em>Debate Progressista<\/em> sente muito pelo ocorrido e expressa todo o sentimento de pesar para a fam\u00edlia.<\/p>\n<p>O deputado estadual Durval \u00c2ngelo (PT-MG) conheceu bem Lucas.\u00a0<strong><a href=\"https:\/\/www.facebook.com\/durvalangelo\">Em sua p\u00e1gina na rede social, <\/a><\/strong>ele\u00a0postou a seguinte nota:\u00a0morte de Lucas Arcanjo:<\/p>\n<p>O Mandato Durval \u00c2ngelo lamenta profundamente a morte do policial civil e amigo Lucas Gomes Arcanjo, neste s\u00e1bado (26), e se solidariza com toda a fam\u00edlia e amigos.<\/p>\n<p>Lucas foi um exemplo de coragem na luta pela \u00e9tica, legalidade e moralidade no servi\u00e7o p\u00fablico. N\u00e3o se acovardou diante das amea\u00e7as e retalia\u00e7\u00f5es e enfrentou a c\u00fapula do poder em Minas Gerais, durante a gest\u00e3o do PSDB, para denunciar um esquema milion\u00e1rio de fraudes no Detran-MG. Por v\u00e1rias vezes, esteve na Comiss\u00e3o de Direitos Humanos da Assembleia Legislativa de Minas \u2013 quando presidida por este deputado \u2013 para relatar irregularidades, cuja apura\u00e7\u00e3o cobramos, insistentemente, dos \u00f3rg\u00e3os competentes.<\/p>\n<p>Por suas den\u00fancias, foi punido e perseguido. Sofreu tr\u00eas atentados e ap\u00f3s um deles, chegou a ficar meses na UTI. Ainda assim, nunca desistiu. Em outubro de 2014, postou no Facebook um video no qual descrevia o suposto esquema de desvio de recursos no Detran \u2013 e de outros \u00f3rg\u00e3os p\u00fablicos de Minas \u2013 para irrigar o Caixa 2 de campanhas tucanas. O video viralizou e, com mais de um milh\u00e3o de visualiza\u00e7\u00f5es e 120 mil compartilhamentos, contribuiu para a derrota do candidato \u00e0 presid\u00eancia A\u00e9cio Neves.<\/p>\n<p>Sem d\u00favida, uma perda imensur\u00e1vel para todos os que lutam por uma sociedade mais justa, sobretudo, nestes tempos sombrios de atentado \u00e0 democracia. Mas Lucas n\u00e3o se foi. Permanece vivo no exemplo que nos deixa como seu grande legado. \u00c9 um dos imprescind\u00edveis de que nos falava Bertolt Brecht em seu c\u00e9lebre poema\u2026<\/p>\n<p>\u201cH\u00e1 aqueles que lutam um dia; e por isso s\u00e3o muito bons;<br \/>\nH\u00e1 aqueles que lutam muitos dias; e por isso s\u00e3o muito bons;<br \/>\nH\u00e1 aqueles que lutam anos; e s\u00e3o melhores ainda;<br \/>\nPor\u00e9m h\u00e1 aqueles que lutam toda a vida; esses s\u00e3o os imprescind\u00edveis.\u201d<\/p>\n<p>Em 16 de outubro de 2014, o rep\u00f3rter Caio Castor entrevistou o policial Lucas Arcanjo para o <em>Viomundo<\/em>.<\/p>\n<p>Naquele dia, o policial tinha sido\u00a0ouvido na Corregedoria da Pol\u00edcia Civil, em Belo Horizonte.<\/p>\n<p>A\u00a0Caio Castor, disse que descreveu a base das den\u00fancias que fez na internet contra o ex-governador A\u00e9cio Neves e aliados.<\/p>\n<p>No v\u00eddeo abaixo, ele resume algumas das acusa\u00e7\u00f5es, dentre as quais o uso do Departamento de Tr\u00e2nsito (Detran) mineiro para lavar dinheiro e o uso de \u00f3rg\u00e3os do governo de Minas para fazer caixa dois.<\/p>\n<p><iframe loading=\"lazy\" src=\"https:\/\/player.vimeo.com\/video\/109290941\" width=\"500\" height=\"281\" frameborder=\"0\" allowfullscreen=\"allowfullscreen\"><\/iframe><\/p>\n<p><strong>Abaixo, o \u00faltimo v\u00eddeo que Lucas Arcanjo postou. Foi ontem,\u00a0sexta-feira 25, \u00e0s 19h22.\u00a0Gerson Carneiro nos enviou<\/strong><\/p>\n<div class=\"fb-video fb_iframe_widget fb_iframe_widget_fluid_desktop\" data-allowfullscreen=\"1\" data-href=\"\/DilmaResistente\/videos\/vb.668744266581955\/849365475186499\/?type=3\"><\/div>\n<\/div>\n<div class=\"fb-video fb_iframe_widget fb_iframe_widget_fluid_desktop\" data-allowfullscreen=\"1\" data-href=\"\/DilmaResistente\/videos\/vb.668744266581955\/849365475186499\/?type=3\">Fonte: (Viomundo)<\/div>\n<\/div>\n<\/div>\n<!-- AddThis Advanced Settings generic via filter on the_content --><!-- AddThis Share Buttons generic via filter on the_content -->","protected":false},"excerpt":{"rendered":"<p>\u00a0Da Reda\u00e7\u00e3o (Viomundo) Em 2014, o policial civil\u00a0Lucas Gomes Arcanjo postou no Facebook\u00a0com graves den\u00fancias ao senador A\u00e9cio Neves,\u00a0ent\u00e3o candidato \u00e0 Presid\u00eancia da Rep\u00fablica pelo PSDB. O v\u00eddeo viralizou na rede. Teve mais de um milh\u00e3o de visualiza\u00e7\u00f5es, al\u00e9m de 120 mil compartilhamentos Neste s\u00e1bado, 26 de mar\u00e7o, Lucas Arcanjo foi encontrado morto\u00a0em sua casa&#8230;<!-- AddThis Advanced Settings generic via filter on wp_trim_excerpt --><!-- AddThis Share Buttons generic via filter on wp_trim_excerpt --><\/p>\n","protected":false},"author":17,"featured_media":38948,"comment_status":"open","ping_status":"open","sticky":false,"template":"","format":"standard","meta":{"_monsterinsights_skip_tracking":false,"_monsterinsights_sitenote_active":false,"_monsterinsights_sitenote_note":"","_monsterinsights_sitenote_category":0,"_uf_show_specific_survey":0,"_uf_disable_surveys":false,"footnotes":""},"categories":[976],"tags":[],"class_list":["post-38947","post","type-post","status-publish","format-standard","has-post-thumbnail","hentry","category-noticias-em-destaque"],"acf":[],"_links":{"self":[{"href":"https:\/\/pdt-rj.org.br\/index.php\/wp-json\/wp\/v2\/posts\/38947","targetHints":{"allow":["GET"]}}],"collection":[{"href":"https:\/\/pdt-rj.org.br\/index.php\/wp-json\/wp\/v2\/posts"}],"about":[{"href":"https:\/\/pdt-rj.org.br\/index.php\/wp-json\/wp\/v2\/types\/post"}],"author":[{"embeddable":true,"href":"https:\/\/pdt-rj.org.br\/index.php\/wp-json\/wp\/v2\/users\/17"}],"replies":[{"embeddable":true,"href":"https:\/\/pdt-rj.org.br\/index.php\/wp-json\/wp\/v2\/comments?post=38947"}],"version-history":[{"count":0,"href":"https:\/\/pdt-rj.org.br\/index.php\/wp-json\/wp\/v2\/posts\/38947\/revisions"}],"wp:featuredmedia":[{"embeddable":true,"href":"https:\/\/pdt-rj.org.br\/index.php\/wp-json\/"}],"wp:attachment":[{"href":"https:\/\/pdt-rj.org.br\/index.php\/wp-json\/wp\/v2\/media?parent=38947"}],"wp:term":[{"taxonomy":"category","embeddable":true,"href":"https:\/\/pdt-rj.org.br\/index.php\/wp-json\/wp\/v2\/categories?post=38947"},{"taxonomy":"post_tag","embeddable":true,"href":"https:\/\/pdt-rj.org.br\/index.php\/wp-json\/wp\/v2\/tags?post=38947"}],"curies":[{"name":"wp","href":"https:\/\/api.w.org\/{rel}","templated":true}]}}