{"id":38936,"date":"2016-03-27T10:44:20","date_gmt":"2016-03-27T13:44:20","guid":{"rendered":"http:\/\/www.malungo2.com.br\/pdt\/desenv\/?p=38936"},"modified":"2016-03-27T10:44:20","modified_gmt":"2016-03-27T13:44:20","slug":"ciro-gomes-ao-la-nacion-para-salvar-a-republica-precisamos-salvar-dilma","status":"publish","type":"post","link":"https:\/\/pdt-rj.org.br\/index.php\/ciro-gomes-ao-la-nacion-para-salvar-a-republica-precisamos-salvar-dilma\/","title":{"rendered":"Ciro, ao La Nacion:  \u2018Para salvar a Rep\u00fablica, precisamos salvar Dilma\u2019"},"content":{"rendered":"<p>\u201cRem\u00e9dio para governo ruim n\u00e3o \u00e9 interromp\u00ea-lo\u201d, afirmou o ex-ministro e ex-governador Ciro Gomes em entrevista a Alberto Armend\u00e1riz, do di\u00e1rio argentino \u201cLa Nacion\u201d, publicada neste final de semana. Ao condenar a tentativa de impeachment da presidente Dilma Rousseff em andamento na C\u00e2mara dos Deputados, Ciro fez dura acusa\u00e7\u00e3o ao vice-presidente Michel Temer, grande benefici\u00e1rio da deposi\u00e7\u00e3o da presidente Dilma.<\/p>\n<p>\u201cDilma n\u00e3o est\u00e1 sendo investigada nem \u00e9 supeita de corrup\u00e7\u00e3o.\u00a0 J\u00e1 Temer, que assumir\u00e1 o poder caso ela seja obrigada a sair da presid\u00eancia, \u00e9 parte de todo o conjunto org\u00e2nico de corrup\u00e7\u00e3o que existe no Brasil\u201d, acusou Ciro Gomes, frisando que o presidente da C\u00e2mara, Eduardo Cunha, e do senado, Renan Calheiros \u2013 s\u00e3o aliados de Temer.<\/p>\n<p>Na opini\u00e3o do pr\u00e9-candidato do PDT \u00e0 presid\u00eancia da Rep\u00fablica em 2018, a nomea\u00e7\u00e3o de Lula para o Gabinete Civil \u201cfoi a id\u00e9ia mais est\u00fapida que j\u00e1 vi na minha vida p\u00fablica\u201d, porque uniu a direita e colocou em xeque o governo de Dilma que n\u00e3o teve um minuto sequer de paz, desde a reelei\u00e7\u00e3o \u2013 porque a direita n\u00e3o aceitou e n\u00e3o aceita a derrota que sofreu nas urnas.<\/p>\n<p>Na opini\u00e3o de Ciro, a crise \u00a0a atual polariza\u00e7\u00e3o na vida pol\u00edtica brasileira vai desembocar em viol\u00eancia: \u201cNo Brasil estamos na imin\u00eancia do surgimento de cad\u00e1veres\u201d. O que efetivamente j\u00e1 come\u00e7ou a acontecer com o assassinato, em Minas, do policial civil que fazia grav\u00edssimas acusa\u00e7\u00f5es ao senador A\u00e9cio Neves.<\/p>\n<p>Leia, em espanhol, a \u00edntegra da entrevista de Ciro ao \u2018La Nacion\u2019:<\/p>\n<p><a href=\"http:\/\/www.lanacion.com.ar\/1883264-ciro-gomes-el-nombramiento-de-lula-fue-la-idea-mas-estupida-que-vi-en-mi-vida-publica\">http:\/\/www.lanacion.com.ar\/1883264-ciro-gomes-el-nombramiento-de-lula-fue-la-idea-mas-estupida-que-vi-en-mi-vida-publica<\/a><\/p>\n<p>&nbsp;<\/p>\n<p>Leia tamb\u00e9m entrevista de Ciro Gomes \u00e0 Ag\u00eancia Estado, <a href=\"http:\/\/politica.estadao.com.br\/noticias\/geral,lula-no-governo-foi-estupidez-inominavel--diz-ciro-gomes,10000023121\">aqui<\/a>:<\/p>\n<p>&nbsp;<\/p>\n<!-- AddThis Advanced Settings generic via filter on the_content --><!-- AddThis Share Buttons generic via filter on the_content -->","protected":false},"excerpt":{"rendered":"<p>\u201cRem\u00e9dio para governo ruim n\u00e3o \u00e9 interromp\u00ea-lo\u201d, afirmou o ex-ministro e ex-governador Ciro Gomes em entrevista a Alberto Armend\u00e1riz, do di\u00e1rio argentino \u201cLa Nacion\u201d, publicada neste final de semana. Ao condenar a tentativa de impeachment da presidente Dilma Rousseff em andamento na C\u00e2mara dos Deputados, Ciro fez dura acusa\u00e7\u00e3o ao vice-presidente Michel Temer, grande benefici\u00e1rio&#8230;<!-- AddThis Advanced Settings generic via filter on wp_trim_excerpt --><!-- AddThis Share Buttons generic via filter on wp_trim_excerpt --><\/p>\n","protected":false},"author":17,"featured_media":38937,"comment_status":"open","ping_status":"open","sticky":false,"template":"","format":"standard","meta":{"_monsterinsights_skip_tracking":false,"_monsterinsights_sitenote_active":false,"_monsterinsights_sitenote_note":"","_monsterinsights_sitenote_category":0,"_uf_show_specific_survey":0,"_uf_disable_surveys":false,"footnotes":""},"categories":[976],"tags":[22,220,2,23,541],"class_list":["post-38936","post","type-post","status-publish","format-standard","has-post-thumbnail","hentry","category-noticias-em-destaque","tag-brasil","tag-ciro-gomes","tag-crise","tag-dilma-rousseff","tag-la-nacional"],"acf":[],"_links":{"self":[{"href":"https:\/\/pdt-rj.org.br\/index.php\/wp-json\/wp\/v2\/posts\/38936","targetHints":{"allow":["GET"]}}],"collection":[{"href":"https:\/\/pdt-rj.org.br\/index.php\/wp-json\/wp\/v2\/posts"}],"about":[{"href":"https:\/\/pdt-rj.org.br\/index.php\/wp-json\/wp\/v2\/types\/post"}],"author":[{"embeddable":true,"href":"https:\/\/pdt-rj.org.br\/index.php\/wp-json\/wp\/v2\/users\/17"}],"replies":[{"embeddable":true,"href":"https:\/\/pdt-rj.org.br\/index.php\/wp-json\/wp\/v2\/comments?post=38936"}],"version-history":[{"count":0,"href":"https:\/\/pdt-rj.org.br\/index.php\/wp-json\/wp\/v2\/posts\/38936\/revisions"}],"wp:featuredmedia":[{"embeddable":true,"href":"https:\/\/pdt-rj.org.br\/index.php\/wp-json\/"}],"wp:attachment":[{"href":"https:\/\/pdt-rj.org.br\/index.php\/wp-json\/wp\/v2\/media?parent=38936"}],"wp:term":[{"taxonomy":"category","embeddable":true,"href":"https:\/\/pdt-rj.org.br\/index.php\/wp-json\/wp\/v2\/categories?post=38936"},{"taxonomy":"post_tag","embeddable":true,"href":"https:\/\/pdt-rj.org.br\/index.php\/wp-json\/wp\/v2\/tags?post=38936"}],"curies":[{"name":"wp","href":"https:\/\/api.w.org\/{rel}","templated":true}]}}