{"id":38914,"date":"2016-03-26T05:28:44","date_gmt":"2016-03-26T08:28:44","guid":{"rendered":"http:\/\/www.malungo2.com.br\/pdt\/desenv\/?p=38914"},"modified":"2016-03-26T05:28:44","modified_gmt":"2016-03-26T08:28:44","slug":"paulo-henrique-amorim-estrella-o-geologo-que-descobriu-o-futuro-do-brasil","status":"publish","type":"post","link":"https:\/\/pdt-rj.org.br\/index.php\/paulo-henrique-amorim-estrella-o-geologo-que-descobriu-o-futuro-do-brasil\/","title":{"rendered":"Paulo Henrique Amorim: Estrella, o ge\u00f3logo que descobriu o futuro do Brasil"},"content":{"rendered":"<p>&nbsp;<\/p>\n<p>&#8220;Voc\u00eas acham que vamos compartilhar essa riqueza incomensur\u00e1vel com estrangeiros?&#8221;<\/p>\n<p>&nbsp;<\/p>\n<p>O ansioso blogueiro foi lan\u00e7ar \u201cO Quarto Poder\u201d em emocionante solenidade em Nova Friburgo, RJ, organizada pelo jovem Rodrigo Garcia.<\/p>\n<p>O \u201cemocionante\u201d ficou por conta do depoimento informal que o ansioso blogueiro colheu do grande brasileiro Guilherme Estrella, o ge\u00f3logo que, na Petrobras, chefiou a equipe que descobriu o pr\u00e9-sal!<\/p>\n<p>Garcia se prepara para escrever um livro indispens\u00e1vel com depoimentos e documentos que registrem a patri\u00f3tica carreira de Estrella<\/p>\n<p>Aposentado, ele mora em Friburgo.<\/p>\n<p>No evento propriamente dito, em breve pronunciamento, Estrella denunciou aqueles que praticam o que chamou de \u201cterrorismo de Estado\u201d &#8211; os transgressores que usam os direitos constitucionais e, dentro do aparelho de Estado, engendram a crise e o Golpe!<\/p>\n<p>E sugeriu que os jovens da plateia usassem a internet, maci\u00e7amente, para enfrentar esses \u201cselvagens\u201d.<\/p>\n<p>Porque a \u201cgrande m\u00eddia\u201d, aqui chamada de PiG, o PiG defende os totalit\u00e1rios!, disse ele!<\/p>\n<p>Nos camarins, antes do evento, o ansioso blogueiro recolheu esse v\u00eddeo &#8211; \u201cEstrella, por que o pr\u00e9-sal \u00e9 nosso?\u201d.<\/p>\n<p>Depois, num jantar, cercado de jovens \u2013 e outros nem tanto, como o ansioso blogueiro \u2013 Estrella abriu o ba\u00fa da mem\u00f3ria prodigiosa.<\/p>\n<p>E contou o epis\u00f3dio de Majnoon, um dos maiores po\u00e7os de petr\u00f3leo do mundo, que os ge\u00f3logos da Petrobras descobriram no Iraque.<\/p>\n<p>A narrativa ilustra o car\u00e1ter mau-car\u00e1ter, traidor, do Cerra, que luta furiosamente para cumprir o que prometeu \u00e0 Chevron: entregar o pr\u00e9-sal, como demonstra o WikiLeaks.<\/p>\n<p>Contou o Estrella.<\/p>\n<p>Em 1963, militares da corrente baathista assumiram o poder no Iraque, que era uma constru\u00e7\u00e3o artificial dos ingleses, quando desmoronou o Imp\u00e9rio Otomano \u2013 assistir aLawrence de Ar\u00e1bia.<\/p>\n<p>A certa altura, os jovens militares nacionalizaram o petr\u00f3leo e criaram a INOC, Irak National Oil Company.<\/p>\n<p>As petrol\u00edferas a quem, hoje, o Cerra quer entregar o pr\u00e9-sal recorreram, ent\u00e3o, \u00e0 Corte Internacional de Haia e, inacreditavelmente, venceram.<\/p>\n<p>E se montou um embargo, de \u00e2mbito mundial, ao petr\u00f3leo iraquiano.<\/p>\n<p>O Iraque n\u00e3o podia mais vender petr\u00f3leo, como aconteceu, recentemente, com o Ir\u00e3, at\u00e9 fazer o acordo com os Estados Unidos.<\/p>\n<p>Como se sabe, naquela altura, o Brasil importava 2\/3 do petr\u00f3leo que consumia e o Iraque era um de seus maiores fornecedores.<\/p>\n<p>O Governo Geisel n\u00e3o teve duvida.<\/p>\n<p>Desrespeitou o embargo e continuou a comprar petr\u00f3leo do Iraque.<\/p>\n<p>O tempo passou e o Governo do Iraque, agradecido, comprou Volkswagens brasileiros, pediu \u00e0 empreiteira Mendes Junior \u2013 hoje destru\u00edda pelo Moro \u2013 para construir uma ferrovia l\u00e1, e chamou ge\u00f3logos da Petrobras para tentar achar petr\u00f3leo numa \u00e1rea promissora, mas inexplorada.<\/p>\n<p>E a Braspetro,\u00a0 \u2013 hoje quase destru\u00edda pelo Moro &#8211; , sob a lideran\u00e7a de Bolivar Montenegro Guerra, descobriu um \u201csuper-gigante\u201d po\u00e7o.<\/p>\n<p>O jovem Estrella estava l\u00e1, na equipe da Braspetro.<\/p>\n<p>Segundo o contrato original, a Braspetro teria uma fatia gorda no que achasse, porque ela, sozinha, assumiu os riscos materiais e empregou a sua tecnologia para fazer a incr\u00edvel descoberta!<\/p>\n<p>Uma certa manh\u00e3, a equipe da Petrobras \u2013 que o Moro n\u00e3o descansa enquanto n\u00e3o destruir \u2013 foi convocada, em Bagd\u00e1, \u00e0 dire\u00e7\u00e3o da INOC.<\/p>\n<p>Os dirigentes iraquianos disseram, em bom portugu\u00eas:<\/p>\n<p>&#8211; Parab\u00e9ns, voc\u00eas s\u00e3o formid\u00e1veis, mas esse petr\u00f3leo \u00e9 nosso! N\u00e3o faz nenhum sentido o Iraque compartilhar essa riqueza incomensur\u00e1vel com estrangeiros. O nosso futuro est\u00e1 aqui, em Majnoon. Ent\u00e3o, n\u00f3s agradecemos muito, vamos ressarcir sua empresa de todos os gastos feitos aqui, mas, passem bem!<\/p>\n<p>E a Braspetro voltou para o Brasil de m\u00e3os abanando.<\/p>\n<p>Abanando, n\u00e3o!<\/p>\n<p>Com mais conhecimento, com um acervo tecnol\u00f3gico mais amplo, o que faz dela uma das melhores companhias petrol\u00edferas do mundo.<\/p>\n<p>Que o Cerra quer vender a pre\u00e7o de Vale \u2013 ou seja, a pre\u00e7o de banana!<\/p>\n<p>(O Estrella \u00e9 uma pessoa sensata e jamais pensaria nisso. Mas, o ansioso blogueiro imaginou que, se o Cerra fosse senador iraquiano e sugerisse entregar Majnoon \u00e0 Shell, poderia ser v\u00edtima de um m\u00e9todo de persuas\u00e3o muito empregado pelos militares baathistas: o fuzilamento!)<\/p>\n<p>O Conversa Afiada oferece essa narrativa e o v\u00eddeo do Estrella a todos aqueles que n\u00e3o puderam ir a Nova Friburgo.<\/p>\n<p>Mas, que, nas ruas, na C\u00e2mara e no Senado, impedir\u00e3o o Cerra de entregar Majnoon \u00e0 Shell!<\/p>\n<p>Em tempo: o Conversa Afiada publica nota da Petrobras:<\/p>\n<p><em>Novo po\u00e7o em Libra confirma presen\u00e7a de \u00f3leo de boa qualidade<\/em><\/p>\n<p><em>A Petrobras informa que o Cons\u00f3rcio de Libra concluiu a perfura\u00e7\u00e3o e a avalia\u00e7\u00e3o do po\u00e7o 3-BRSA-1322-RJS (3-RJS-741), localizado na \u00e1rea noroeste do bloco, no pr\u00e9-sal da Bacia de Santos, confirmando a descoberta de \u00f3leo de elevada qualidade (28\u00ba API) em reservat\u00f3rios de excelente produtividade.<\/em><\/p>\n<p><em>O po\u00e7o encontrou a maior coluna de \u00f3leo descoberta pelo Cons\u00f3rcio em Libra at\u00e9 o momento, medindo 301 metros de espessura. Os dados coletados confirmaram que as caracter\u00edsticas dos reservat\u00f3rios e a qualidade do \u00f3leo s\u00e3o semelhantes \u00e0quelas encontradas nos demais po\u00e7os da \u00e1rea noroeste, indicando haver poss\u00edvel conex\u00e3o entre eles.<\/em><\/p>\n<p><em>O po\u00e7o, conhecido informalmente como NW5, est\u00e1 8 km a nordeste do po\u00e7o descobridor, 2-ANP-2A-RJS, e a 200 km da costa do estado do Rio de Janeiro e faz parte do compromisso firmado no Plano de Avalia\u00e7\u00e3o da Descoberta (PAD), aprovado pela ANP em 26\/02\/2016.<\/em><\/p>\n<p><em>At\u00e9 o momento, foram conclu\u00eddas as perfura\u00e7\u00f5es de seis po\u00e7os em Libra (cinco pelo Cons\u00f3rcio) e o s\u00e9timo (3-RJS-742), tamb\u00e9m na \u00e1rea noroeste, se encontra em perfura\u00e7\u00e3o.<\/em><\/p>\n<p><em>O Cons\u00f3rcio de Libra \u00e9 formado pela Petrobras (operadora com 40%), Shell (20%), Total (20%), CNPC (10%) e CNOOC (10%), tendo como gestora do Contrato de Partilha da Produ\u00e7\u00e3o a Pr\u00e9-Sal Petr\u00f3leo S.A. (PPSA).<\/em><br \/>\n<em>Clique\u00a0<a href=\"https:\/\/workflow.comunique-se.com.br\/Download.aspx?arquivo=ZM7PG489JlA2HNZ87\/BrXA==\">aqui<\/a>\u00a0para ver o mapa.<\/em><\/p>\n<p><strong><br \/>\nPaulo Henrique Amorim<\/strong><\/p>\n<p>&nbsp;<\/p>\n<p>&nbsp;<\/p>\n<p>&nbsp;<\/p>\n<p><iframe loading=\"lazy\" title=\"Estrella, o ge\u00f3logo que descobriu o futuro do Brasil!\" width=\"640\" height=\"360\" src=\"https:\/\/www.youtube.com\/embed\/SR0w3ZntCTY?feature=oembed\" frameborder=\"0\" allow=\"accelerometer; autoplay; clipboard-write; encrypted-media; gyroscope; picture-in-picture; web-share\" referrerpolicy=\"strict-origin-when-cross-origin\" allowfullscreen><\/iframe><\/p>\n<!-- AddThis Advanced Settings generic via filter on the_content --><!-- AddThis Share Buttons generic via filter on the_content -->","protected":false},"excerpt":{"rendered":"<p>&nbsp; &#8220;Voc\u00eas acham que vamos compartilhar essa riqueza incomensur\u00e1vel com estrangeiros?&#8221; &nbsp; O ansioso blogueiro foi lan\u00e7ar \u201cO Quarto Poder\u201d em emocionante solenidade em Nova Friburgo, RJ, organizada pelo jovem Rodrigo Garcia. O \u201cemocionante\u201d ficou por conta do depoimento informal que o ansioso blogueiro colheu do grande brasileiro Guilherme Estrella, o ge\u00f3logo que, na Petrobras,&#8230;<!-- AddThis Advanced Settings generic via filter on wp_trim_excerpt --><!-- AddThis Share Buttons generic via filter on wp_trim_excerpt --><\/p>\n","protected":false},"author":17,"featured_media":38915,"comment_status":"open","ping_status":"open","sticky":false,"template":"","format":"standard","meta":{"_monsterinsights_skip_tracking":false,"_monsterinsights_sitenote_active":false,"_monsterinsights_sitenote_note":"","_monsterinsights_sitenote_category":0,"_uf_show_specific_survey":0,"_uf_disable_surveys":false,"footnotes":""},"categories":[976],"tags":[363,454,718,756],"class_list":["post-38914","post","type-post","status-publish","format-standard","has-post-thumbnail","hentry","category-noticias-em-destaque","tag-entreguistas","tag-guilherme-estrella","tag-petrobras","tag-pre-sal"],"acf":[],"_links":{"self":[{"href":"https:\/\/pdt-rj.org.br\/index.php\/wp-json\/wp\/v2\/posts\/38914","targetHints":{"allow":["GET"]}}],"collection":[{"href":"https:\/\/pdt-rj.org.br\/index.php\/wp-json\/wp\/v2\/posts"}],"about":[{"href":"https:\/\/pdt-rj.org.br\/index.php\/wp-json\/wp\/v2\/types\/post"}],"author":[{"embeddable":true,"href":"https:\/\/pdt-rj.org.br\/index.php\/wp-json\/wp\/v2\/users\/17"}],"replies":[{"embeddable":true,"href":"https:\/\/pdt-rj.org.br\/index.php\/wp-json\/wp\/v2\/comments?post=38914"}],"version-history":[{"count":0,"href":"https:\/\/pdt-rj.org.br\/index.php\/wp-json\/wp\/v2\/posts\/38914\/revisions"}],"wp:featuredmedia":[{"embeddable":true,"href":"https:\/\/pdt-rj.org.br\/index.php\/wp-json\/"}],"wp:attachment":[{"href":"https:\/\/pdt-rj.org.br\/index.php\/wp-json\/wp\/v2\/media?parent=38914"}],"wp:term":[{"taxonomy":"category","embeddable":true,"href":"https:\/\/pdt-rj.org.br\/index.php\/wp-json\/wp\/v2\/categories?post=38914"},{"taxonomy":"post_tag","embeddable":true,"href":"https:\/\/pdt-rj.org.br\/index.php\/wp-json\/wp\/v2\/tags?post=38914"}],"curies":[{"name":"wp","href":"https:\/\/api.w.org\/{rel}","templated":true}]}}