{"id":38373,"date":"2012-01-23T09:32:30","date_gmt":"2012-01-23T09:32:30","guid":{"rendered":"http:\/\/pdt-rj.org.br\/index.php\/artigo\/brizola-o-reformador\/"},"modified":"2017-01-19T15:02:26","modified_gmt":"2017-01-19T17:02:26","slug":"brizola-o-reformador-2","status":"publish","type":"post","link":"https:\/\/pdt-rj.org.br\/index.php\/brizola-o-reformador-2\/","title":{"rendered":"Brizola, o reformador"},"content":{"rendered":"<p>Hoje, se vivo fosse, Leonel &#8220;Itagiba&#8221; de Moura Brizola completaria 90 anos de idade. Pode-se dizer, sem exagero, Brizola Vive! Ele, Jango e Get\u00falio formam a trinca de pol\u00edticos ga\u00fachos mais importantes dos \u00faltimos 80 anos. Brizola ainda deslumbra seus admiradores pela coragem, pela ousadia, pelas grandes reformas &#8211; encampou duas empresas multinacionais incompetentes e parasitas &#8211; e pelo papel que desempenhou em rela\u00e7\u00e3o \u00e0 reforma agr\u00e1ria e \u00e0 educa\u00e7\u00e3o. Digo, depois de muito estudar, que Leonel Brizola foi o melhor governador da hist\u00f3ria do Rio Grande do Sul. Hoje tamb\u00e9m \u00e9 o dia dos 50 anos do come\u00e7o da luta por reforma agr\u00e1ria no Banhado do Col\u00e9gio, em Camaqu\u00e3, onde o agricultor Epaminondas Silveira e o padre L\u00e9o Schneider lideraram comboio de 2 mil pessoas, de carro\u00e7a, charretes, a cavalo e a p\u00e9, por 10 quil\u00f4metros. Exigiam que o governo retomasse terras do Estado griladas por fazendeiros. Brizola entrou na parada e mudou o jogo.<\/p>\n<p>\u00c9 emocionante ler as manchetes dos jornais da \u00e9poca. Capa da \u00daltima Hora: &#8220;Camaqu\u00e3 imita Sarandi &#8211; Mais de 2 mil camponeses pedem terra&#8221;. Outra da intr\u00e9pida UH: &#8220;Colonos de Camaqu\u00e3 &#8211; S\u00f3 a morte nos expulsa daqui&#8221;. Os fazendeiros queriam que o III Ex\u00e9rcito fizesse o servi\u00e7o sujo e expulsasse os sem-terra. Brizola preferiu um caminho inusitado como destaca Elio Copes: &#8220;Decretou a \u00e1rea do Banhado do Col\u00e9gio (cerca de 20 mil hectares) de utilidade p\u00fablica para fins de reforma agr\u00e1ria, deu apoio ao acampamento, tais como, alimenta\u00e7\u00e3o, atendimento de sa\u00fade e iniciou um trabalho de inscri\u00e7\u00e3o dos acampados, levantamento da condi\u00e7\u00e3o social de cada fam\u00edlia, que serviria para a sele\u00e7\u00e3o para, mais tarde, receberem os lotes. Ap\u00f3s cinco meses do acampamento, tempo que levou para providenciar na documenta\u00e7\u00e3o dos lotes, o ent\u00e3o governador Leonel Brizola esteve no Banhado do Col\u00e9gio, onde fez a entrega dos primeiros 134 lotes, marcando, assim, um novo marco de desenvolvimento para o local&#8221;. Algo nunca visto antes.<\/p>\n<p>Elio Copes organiza, em Camaqu\u00e3, as comemora\u00e7\u00f5es desse cinquenten\u00e1rio da primeira reforma agr\u00e1ria realmente bem-sucedida do Brasil. Brizola era de faca na bota. Fez uma que cala todos os maledicentes. Promoveu reforma agr\u00e1ria na fazenda Pangar\u00e9, de sua propriedade, em Palmares. Distribuiu 1.080 de 2.300 hectares para pequenos agricultores plantarem arroz. Cada um recebeu um lote de 35 hectares, casa e tr\u00eas vacas holandesas.<\/p>\n<p>De fato, esse Brizola era muito perigoso, subversivo, assustador. N\u00e3o cumpriu o papel tradicional de repressor de movimentos sociais, criou milhares de escolas, n\u00e3o se mixou para os americanos, enfrentou os interesses dos estancieiros donos do Rio Grande do Sul, suportou com galhardia o pau que levava diariamente dos setores conservadores da Assembleia Legislativa e, findo seu mandado de governador, elegeu-se deputado pelo Rio de Janeiro com um voto em cada quatro eleitores, como se diz, de cola em p\u00e9. Esse era de meter medo. S\u00f3 podia virar inimigo p\u00fablico de todos os reacion\u00e1rios e dos golpistas de 1964.<\/p>\n<p><em>Juremir Machado da Silva | juremir@correiodopovo.com.br<\/em><\/p>\n<p>&nbsp;<\/p>\n<p><span style=\"color: #666666;\"><strong>\u00a0<\/strong><\/span><\/p>\n<!-- AddThis Advanced Settings generic via filter on the_content --><!-- AddThis Share Buttons generic via filter on the_content -->","protected":false},"excerpt":{"rendered":"<p>Hoje, se vivo fosse, Leonel &#8220;Itagiba&#8221; de Moura Brizola completaria 90 anos de idade. Pode-se dizer, sem exagero, Brizola Vive! Ele, Jango e Get\u00falio formam a trinca de pol\u00edticos ga\u00fachos mais importantes dos \u00faltimos 80 anos. Brizola ainda deslumbra seus admiradores pela coragem, pela ousadia, pelas grandes reformas &#8211; encampou duas empresas multinacionais incompetentes e&#8230;<!-- AddThis Advanced Settings generic via filter on wp_trim_excerpt --><!-- AddThis Share Buttons generic via filter on wp_trim_excerpt --><\/p>\n","protected":false},"author":17,"featured_media":0,"comment_status":"closed","ping_status":"closed","sticky":false,"template":"","format":"standard","meta":{"_monsterinsights_skip_tracking":false,"_monsterinsights_sitenote_active":false,"_monsterinsights_sitenote_note":"","_monsterinsights_sitenote_category":0,"_uf_show_specific_survey":0,"_uf_disable_surveys":false,"footnotes":""},"categories":[1584],"tags":[],"class_list":["post-38373","post","type-post","status-publish","format-standard","hentry","category-artigos"],"acf":[],"_links":{"self":[{"href":"https:\/\/pdt-rj.org.br\/index.php\/wp-json\/wp\/v2\/posts\/38373","targetHints":{"allow":["GET"]}}],"collection":[{"href":"https:\/\/pdt-rj.org.br\/index.php\/wp-json\/wp\/v2\/posts"}],"about":[{"href":"https:\/\/pdt-rj.org.br\/index.php\/wp-json\/wp\/v2\/types\/post"}],"author":[{"embeddable":true,"href":"https:\/\/pdt-rj.org.br\/index.php\/wp-json\/wp\/v2\/users\/17"}],"replies":[{"embeddable":true,"href":"https:\/\/pdt-rj.org.br\/index.php\/wp-json\/wp\/v2\/comments?post=38373"}],"version-history":[{"count":1,"href":"https:\/\/pdt-rj.org.br\/index.php\/wp-json\/wp\/v2\/posts\/38373\/revisions"}],"predecessor-version":[{"id":52382,"href":"https:\/\/pdt-rj.org.br\/index.php\/wp-json\/wp\/v2\/posts\/38373\/revisions\/52382"}],"wp:attachment":[{"href":"https:\/\/pdt-rj.org.br\/index.php\/wp-json\/wp\/v2\/media?parent=38373"}],"wp:term":[{"taxonomy":"category","embeddable":true,"href":"https:\/\/pdt-rj.org.br\/index.php\/wp-json\/wp\/v2\/categories?post=38373"},{"taxonomy":"post_tag","embeddable":true,"href":"https:\/\/pdt-rj.org.br\/index.php\/wp-json\/wp\/v2\/tags?post=38373"}],"curies":[{"name":"wp","href":"https:\/\/api.w.org\/{rel}","templated":true}]}}