{"id":3819,"date":"2011-02-25T17:27:21","date_gmt":"2011-02-25T20:27:21","guid":{"rendered":"http:\/\/pdt-rj.org.br\/index.php\/lupi-mantem-previsao-de-3-milhoes-de-vagas-em-2011"},"modified":"2011-02-25T17:27:21","modified_gmt":"2011-02-25T20:27:21","slug":"lupi-mantem-previsao-de-3-milhoes-de-vagas-em-2011","status":"publish","type":"post","link":"https:\/\/pdt-rj.org.br\/index.php\/lupi-mantem-previsao-de-3-milhoes-de-vagas-em-2011\/","title":{"rendered":"Lupi mant\u00e9m previs\u00e3o de 3 milh\u00f5es de vagas em 2011"},"content":{"rendered":"<p>Mesmo  em um cen&aacute;rio de aperto na pol&iacute;tica monet&aacute;ria e de menor crescimento do  PIB, o ministro do Trabalho e Emprego, Carlos Lupi mant&eacute;m sua previs&atilde;o  de que o Brasil vai gerar, em 2011, cerca de 3 milh&otilde;es de empregos  formais.<\/p>\n<p style=\"font-family: verdana,helvetica,sans; margin: 0px 0px 1em; padding: 0px;\">Se  confirmada, a previs&atilde;o representar&aacute; um crescimento de 20 por cento em  rela&ccedil;&atilde;o ao n&uacute;mero de 2,5 milh&otilde;es de vagas abertas em 2010. Para Lupi, os  juros mais altos com inibi&ccedil;&atilde;o de um crescimento maior da economia s&atilde;o  uma &#8220;adequa&ccedil;&atilde;o para conter a infla&ccedil;&atilde;o&#8221;.<\/p>\n<p style=\"font-family: verdana,helvetica,sans; margin: 0px 0px 1em; padding: 0px;\">&#8220;Acho que &eacute; um esfriamento moment&acirc;neo&#8221;, resumiu.<\/p>\n<p style=\"font-family: verdana,helvetica,sans; margin: 0px 0px 1em; padding: 0px;\">Em  janeiro deste ano, foram gerados no Brasil 152.091 postos de trabalho  com carteira assinada, segundo dados do Cadastro Geral de Empregados e  Desempregados (Caged). No m&ecirc;s, o n&uacute;mero total de contrata&ccedil;&otilde;es foi de  1.650.372 e o de demiss&otilde;es ficou em 1.498.281.<\/p>\n<p style=\"font-family: verdana,helvetica,sans; margin: 0px 0px 1em; padding: 0px;\">O  setor de servi&ccedil;os liderou a abertura de vagas no m&ecirc;s passado, com  73.231 empregos. Ind&uacute;stria de transforma&ccedil;&atilde;o criou 53.207 vagas e  constru&ccedil;&atilde;o civil abriu 33.358 vagas. No com&eacute;rcio, houve o fechamento de  18.130 postos formais.<\/p>\n<p style=\"font-family: verdana,helvetica,sans; margin: 0px 0px 1em; padding: 0px;\">Lupi acredita que o crescimento do emprego em 2011 vir&aacute;, principalmente, dos setores de servi&ccedil;os, com&eacute;rcio e constru&ccedil;&atilde;o civil.<\/p>\n<div id=\"_mcePaste\" class=\"mcePaste\" style=\"position: absolute; left: -10000px; top: 0px; width: 1px; height: 1px; overflow: hidden;\"><span class=\"Apple-style-span\" style=\"border-collapse: separate; color: #000000; font-family: 'Times New Roman'; font-style: normal; font-variant: normal; font-weight: normal; letter-spacing: normal; line-height: normal; orphans: 2; text-indent: 0px; text-transform: none; white-space: normal; widows: 2; word-spacing: 0px; font-size: medium;\"><span class=\"Apple-style-span\" style=\"font-family: arial,helvetica,sans; font-size: 13px; line-height: 15px;\"><\/p>\n<h1 style=\"font-family: arial,helvetica,sans; font-size: 30px; color: #464646; border-bottom: 1px none #aaaaaa; line-height: 1; margin: 0px 0px 6px -1px; font-weight: bold; border-style: none;\">Lupi mant&eacute;m previs&atilde;o de 3 milh&otilde;es de vagas em 2011<\/h1>\n<div class=\"timestampHeader\" style=\"font-size: 11px; color: #555555; margin-bottom: 0px; float: left; padding-left: 1px;\">quinta-feira, 24 de fevereiro de 2011 13:21 BRT<\/div>\n<div id=\"headerTools\" style=\"font-size: 11px; font-weight: bold; float: right; position: relative; color: #999999;\">&nbsp;<\/div>\n<div id=\"atools\" class=\"articleTools\" style=\"clear: both; float: left; width: 490px; padding-top: 1px; border-top: 1px solid #cccccc; margin: 6px 0px 0px;\">\n<div id=\"autilities\" class=\"articleUtilities\" style=\"color: #9caad9; text-align: left; float: left; font-size: 13px; padding-top: 2px; padding-bottom: 2px; margin: 0px; width: auto;\"><a id=\"toolPrint\" style=\"color: #005a84; text-decoration: none; font-size: 11px; background-image: url(http:\/\/br.reuters.com\/resources\/images\/iconPrint.gif); padding-left: 14px; background-position: 0% 50%;\" href=\"http:\/\/br.reuters.com\/articlePrint?articleId=BRSPE72K2LC20110224\" target=\"printPopup\">Imprimir<\/a><\/div>\n<div id=\"textSizer\" class=\"articleTextSizerFull\" style=\"margin: 0px 0px 0px 12px; padding: 4px 3px 0px 0px; float: right; display: block; text-align: center; font-size: 11px; color: #999999;\">[<a class=\"control\" style=\"color: #666666; text-decoration: none; display: inline; padding-left: 1px; padding-right: 1px;\">&#8211;<\/a>]<span class=\"Apple-converted-space\">&nbsp;<\/span><a style=\"color: #666666; text-decoration: none; display: inline; padding-left: 1px; padding-right: 1px;\">Texto<\/a><span class=\"Apple-converted-space\">&nbsp;<\/span>[<a class=\"control\" style=\"color: #666666; text-decoration: none; display: inline; padding-left: 1px; padding-right: 1px;\">+<\/a>]<\/div>\n<\/div>\n<div id=\"resizeableText\" style=\"overflow: hidden; margin-top: 12px; font-size: 13px;\">\n<p style=\"font-family: verdana,helvetica,sans; margin: 0px 0px 1em; padding: 0px;\">BRAS&Iacute;LIA (Reuters) &#8211; Mesmo em um cen&aacute;rio de aperto na pol&iacute;tica monet&aacute;ria e de menor crescimento do PIB, o ministro do Trabalho e Emprego, Carlos Lupi mant&eacute;m sua previs&atilde;o de que o Brasil vai gerar, em 2011, cerca de 3 milh&otilde;es de empregos formais.<\/p>\n<p style=\"font-family: verdana,helvetica,sans; margin: 0px 0px 1em; padding: 0px;\">Se confirmada, a previs&atilde;o representar&aacute; um crescimento de 20 por cento em rela&ccedil;&atilde;o ao n&uacute;mero de 2,5 milh&otilde;es de vagas abertas em 2010. Para Lupi, os juros mais altos com inibi&ccedil;&atilde;o de um crescimento maior da economia s&atilde;o uma &#8220;adequa&ccedil;&atilde;o para conter a infla&ccedil;&atilde;o&#8221;.<\/p>\n<p style=\"font-family: verdana,helvetica,sans; margin: 0px 0px 1em; padding: 0px;\">&#8220;Acho que &eacute; um esfriamento moment&acirc;neo&#8221;, resumiu.<\/p>\n<p style=\"font-family: verdana,helvetica,sans; margin: 0px 0px 1em; padding: 0px;\">Em janeiro deste ano, foram gerados no Brasil 152.091 postos de trabalho com carteira assinada, segundo dados do Cadastro Geral de Empregados e Desempregados (Caged). No m&ecirc;s, o n&uacute;mero total de contrata&ccedil;&otilde;es foi de 1.650.372 e o de demiss&otilde;es ficou em 1.498.281.<\/p>\n<p style=\"font-family: verdana,helvetica,sans; margin: 0px 0px 1em; padding: 0px;\">O setor de servi&ccedil;os liderou a abertura de vagas no m&ecirc;s passado, com 73.231 empregos. Ind&uacute;stria de transforma&ccedil;&atilde;o criou 53.207 vagas e constru&ccedil;&atilde;o civil abriu 33.358 vagas. No com&eacute;rcio, houve o fechamento de 18.130 postos formais.<\/p>\n<p style=\"font-family: verdana,helvetica,sans; margin: 0px 0px 1em; padding: 0px;\">Lupi acredita que o crescimento do emprego em 2011 vir&aacute;, principalmente, dos setores de servi&ccedil;os, com&eacute;rcio e constru&ccedil;&atilde;o civil.<\/p>\n<p style=\"font-family: verdana,helvetica,sans; margin: 0px 0px 1em; padding: 0px;\">FAT<\/p>\n<\/div>\n<p><\/span><\/span><\/div>\n<p>REUTERS<\/p>\n<!-- AddThis Advanced Settings generic via filter on the_content --><!-- AddThis Share Buttons generic via filter on the_content -->","protected":false},"excerpt":{"rendered":"<p>Mesmo em um cen&aacute;rio de aperto na pol&iacute;tica monet&aacute;ria e de menor crescimento do PIB, o ministro do Trabalho e Emprego, Carlos Lupi mant&eacute;m sua previs&atilde;o de que o Brasil vai gerar, em 2011, cerca de 3 milh&otilde;es de empregos formais. Se confirmada, a previs&atilde;o representar&aacute; um crescimento de 20 por cento em rela&ccedil;&atilde;o ao&#8230;<!-- AddThis Advanced Settings generic via filter on wp_trim_excerpt --><!-- AddThis Share Buttons generic via filter on wp_trim_excerpt --><\/p>\n","protected":false},"author":17,"featured_media":3820,"comment_status":"open","ping_status":"open","sticky":false,"template":"","format":"standard","meta":{"_monsterinsights_skip_tracking":false,"_monsterinsights_sitenote_active":false,"_monsterinsights_sitenote_note":"","_monsterinsights_sitenote_category":0,"_uf_show_specific_survey":0,"_uf_disable_surveys":false,"footnotes":""},"categories":[1401],"tags":[196,38],"class_list":["post-3819","post","type-post","status-publish","format-standard","has-post-thumbnail","hentry","category-nacional","tag-carlos-lupi","tag-pdt"],"acf":[],"_links":{"self":[{"href":"https:\/\/pdt-rj.org.br\/index.php\/wp-json\/wp\/v2\/posts\/3819","targetHints":{"allow":["GET"]}}],"collection":[{"href":"https:\/\/pdt-rj.org.br\/index.php\/wp-json\/wp\/v2\/posts"}],"about":[{"href":"https:\/\/pdt-rj.org.br\/index.php\/wp-json\/wp\/v2\/types\/post"}],"author":[{"embeddable":true,"href":"https:\/\/pdt-rj.org.br\/index.php\/wp-json\/wp\/v2\/users\/17"}],"replies":[{"embeddable":true,"href":"https:\/\/pdt-rj.org.br\/index.php\/wp-json\/wp\/v2\/comments?post=3819"}],"version-history":[{"count":0,"href":"https:\/\/pdt-rj.org.br\/index.php\/wp-json\/wp\/v2\/posts\/3819\/revisions"}],"wp:featuredmedia":[{"embeddable":true,"href":"https:\/\/pdt-rj.org.br\/index.php\/wp-json\/wp\/v2\/media\/3820"}],"wp:attachment":[{"href":"https:\/\/pdt-rj.org.br\/index.php\/wp-json\/wp\/v2\/media?parent=3819"}],"wp:term":[{"taxonomy":"category","embeddable":true,"href":"https:\/\/pdt-rj.org.br\/index.php\/wp-json\/wp\/v2\/categories?post=3819"},{"taxonomy":"post_tag","embeddable":true,"href":"https:\/\/pdt-rj.org.br\/index.php\/wp-json\/wp\/v2\/tags?post=3819"}],"curies":[{"name":"wp","href":"https:\/\/api.w.org\/{rel}","templated":true}]}}