{"id":37724,"date":"2015-10-05T06:31:00","date_gmt":"2015-10-05T09:31:00","guid":{"rendered":"http:\/\/pdt-rj.org.br\/index.php\/eric-nepomuceno-abre-hoje-debate-do-mapi-sobre-a-latina\/"},"modified":"2017-01-27T14:05:29","modified_gmt":"2017-01-27T16:05:29","slug":"eric-nepomuceno-abre-hoje-debate-do-mapi-sobre-a-latina","status":"publish","type":"post","link":"https:\/\/pdt-rj.org.br\/index.php\/eric-nepomuceno-abre-hoje-debate-do-mapi-sobre-a-latina\/","title":{"rendered":"Eric Nepomuceno abre hoje debate do MAPI sobre A. Latina"},"content":{"rendered":"<p>O ciclo de debates \u201cAm\u00e9rica Latina, P\u00e1tria Grande\u201d \u00a0sobre a hist\u00f3ria contempor\u00e2nea dos pa\u00edses latino-americanos, promovido pelo Movimento dos Aposentados, Pensionistas e Idosos do PDT (Mapi), \u00a0come\u00e7a no Rio de Janeiro nesta quarta-feira, dia 7 de outubro \u00e0s 18 horas com a palestra do escritor e jornalista Eric Nepomuceno, ex-assessor de Darcy Ribeiro, que falar\u00e1 sobre o tema \u201cA A\u00e7\u00e3o do Capital Internacional atrav\u00e9s da m\u00eddia\u201d. As palestras ser\u00e3o proferidas entre outubro e dezembro deste ano.<\/p>\n<p>A palestra de Eric Nepomuceno, que abrir\u00e1 o ciclo, ser\u00e1 com entrada franca e se realizar\u00e1 na sede nacional da Funda\u00e7\u00e3o Leonel Brizola \u2013 Alberto Pasqualini (FLB-AP) \u2013 na Rua do Teatro n\u00famero 9, na Pra\u00e7a Tiradentes, Centro do Rio de Janeiro.\u00a0 Al\u00e9m do Mapi, participam da organiza\u00e7\u00e3o a Funda\u00e7\u00e3o Darcy Ribeiro, o Partido Democr\u00e1tico Trabalhista (PDT) e a Funda\u00e7\u00e3o Brizola Pasqualini .<\/p>\n<p>ATP &#8211; Ascom PDT \/ Mapi<\/p>\n<!-- AddThis Advanced Settings generic via filter on the_content --><!-- AddThis Share Buttons generic via filter on the_content -->","protected":false},"excerpt":{"rendered":"<p>O ciclo de debates \u201cAm\u00e9rica Latina, P\u00e1tria Grande\u201d \u00a0sobre a hist\u00f3ria contempor\u00e2nea dos pa\u00edses latino-americanos, promovido pelo Movimento dos Aposentados, Pensionistas e Idosos do PDT (Mapi), \u00a0come\u00e7a no Rio de Janeiro nesta quarta-feira, dia 7 de outubro \u00e0s 18 horas com a palestra do escritor e jornalista Eric Nepomuceno, ex-assessor de Darcy Ribeiro, que falar\u00e1&#8230;<!-- AddThis Advanced Settings generic via filter on wp_trim_excerpt --><!-- AddThis Share Buttons generic via filter on wp_trim_excerpt --><\/p>\n","protected":false},"author":17,"featured_media":37725,"comment_status":"closed","ping_status":"closed","sticky":false,"template":"","format":"standard","meta":{"_monsterinsights_skip_tracking":false,"_monsterinsights_sitenote_active":false,"_monsterinsights_sitenote_note":"","_monsterinsights_sitenote_category":0,"_uf_show_specific_survey":0,"_uf_disable_surveys":false,"footnotes":""},"categories":[1586,1397],"tags":[],"class_list":["post-37724","post","type-post","status-publish","format-standard","has-post-thumbnail","hentry","category-juventude-socialista","category-movimentos"],"acf":[],"_links":{"self":[{"href":"https:\/\/pdt-rj.org.br\/index.php\/wp-json\/wp\/v2\/posts\/37724","targetHints":{"allow":["GET"]}}],"collection":[{"href":"https:\/\/pdt-rj.org.br\/index.php\/wp-json\/wp\/v2\/posts"}],"about":[{"href":"https:\/\/pdt-rj.org.br\/index.php\/wp-json\/wp\/v2\/types\/post"}],"author":[{"embeddable":true,"href":"https:\/\/pdt-rj.org.br\/index.php\/wp-json\/wp\/v2\/users\/17"}],"replies":[{"embeddable":true,"href":"https:\/\/pdt-rj.org.br\/index.php\/wp-json\/wp\/v2\/comments?post=37724"}],"version-history":[{"count":1,"href":"https:\/\/pdt-rj.org.br\/index.php\/wp-json\/wp\/v2\/posts\/37724\/revisions"}],"predecessor-version":[{"id":52591,"href":"https:\/\/pdt-rj.org.br\/index.php\/wp-json\/wp\/v2\/posts\/37724\/revisions\/52591"}],"wp:featuredmedia":[{"embeddable":true,"href":"https:\/\/pdt-rj.org.br\/index.php\/wp-json\/wp\/v2\/media\/37725"}],"wp:attachment":[{"href":"https:\/\/pdt-rj.org.br\/index.php\/wp-json\/wp\/v2\/media?parent=37724"}],"wp:term":[{"taxonomy":"category","embeddable":true,"href":"https:\/\/pdt-rj.org.br\/index.php\/wp-json\/wp\/v2\/categories?post=37724"},{"taxonomy":"post_tag","embeddable":true,"href":"https:\/\/pdt-rj.org.br\/index.php\/wp-json\/wp\/v2\/tags?post=37724"}],"curies":[{"name":"wp","href":"https:\/\/api.w.org\/{rel}","templated":true}]}}