{"id":37666,"date":"2015-09-25T16:18:46","date_gmt":"2015-09-25T19:18:46","guid":{"rendered":"http:\/\/pdt-rj.org.br\/index.php\/mapi-vai-celebrar-dia-do-idoso-na-proxima-quinta-110-no-rio\/"},"modified":"2017-01-27T14:03:35","modified_gmt":"2017-01-27T16:03:35","slug":"mapi-vai-celebrar-dia-do-idoso-na-proxima-quinta-110-no-rio","status":"publish","type":"post","link":"https:\/\/pdt-rj.org.br\/index.php\/mapi-vai-celebrar-dia-do-idoso-na-proxima-quinta-110-no-rio\/","title":{"rendered":"MAPI vai celebrar Dia do Idoso na pr\u00f3xima quinta (1\/10) no Rio"},"content":{"rendered":"<p>O Movimento de Aposentados, Pensionistas e Idosos, do PDT (MAPI) realiza sua reuni\u00e3o anual no dia 1 de outubro (quinta-feira) em comemora\u00e7\u00e3o ao Dia do Idoso. \u201cDurante a solenidade ser\u00e3o homenageados companheiros cujas participa\u00e7\u00f5es pol\u00edticas foram fundamentais para a organiza\u00e7\u00e3o e crescimento do Trabalhismo e do nosso movimento\u201d, explica a presidente do MAPI-PDT, Maria Jos\u00e9 Latg\u00e9.<\/p>\n<p>Criado em 2003, o MAPI tem como objetivo congregar militantes pedetistas com mais de 50 anos, em todo territ\u00f3rio nacional. \u00a0Como todo \u00f3rg\u00e3o oficial do PDT, tem um diret\u00f3rio nacional e representa\u00e7\u00f5es estaduais e municipais.<\/p>\n<p>Al\u00e9m de discuss\u00f5es em torno das necessidades b\u00e1sicas deste contingente de brasileiros que representa, promove debates, confer\u00eancias e encontros sob temas de interesse. Dentre os temas j\u00e1 discutidos destacam-se \u201cFator Previdenci\u00e1rio\u201d, \u201cO Brasil que n\u00f3s perdemos\u201d, dividido em tr\u00eas temas: \u2018Se Jango conclu\u00edsse seu mandato?, \u2018Se Brizola fosse eleito Presidente?\u2019 e \u2018Se Darcy plantasse Cieps em todo o Brasil?\u2019, al\u00e9m da apresenta\u00e7\u00e3o do document\u00e1rio \u201cAnos de chumbo\u201d, seguido de debate, e diversas discuss\u00f5es sobre sa\u00fade, mobilidade, Previd\u00eancia Social etc.<\/p>\n<p>Trajano Ribeiro, Jo\u00e3o Vicente Goulart, Eduardo Chuhay, Jesus Chediak, Ney Ortiz Borges, Eric Nepomuceno e Paulo Ribeiro est\u00e3o entre as personalidades que j\u00e1 marcaram presen\u00e7a nos debates.<\/p>\n<p>&nbsp;<\/p>\n<p><strong>Servi\u00e7o<\/strong><\/p>\n<p><strong>O que:<\/strong> Reuni\u00e3o pelo Dia do Idoso promovida pelo MAPI<\/p>\n<p><strong>Quando:<\/strong> 1\u00ba de outubro (quinta-feira), \u00e0s 17h<\/p>\n<p><strong>Onde:<\/strong> Audit\u00f3rio do Diret\u00f3rio Regional do PDT \u2013 Rua Sete de Setembro, 141, 3\u00ba andar.<\/p>\n<p><strong>Informa\u00e7\u00f5es:<\/strong> 21 2232 0121<\/p>\n<p>OM &#8211; Ascom PDT\/EI<\/p>\n<!-- AddThis Advanced Settings generic via filter on the_content --><!-- AddThis Share Buttons generic via filter on the_content -->","protected":false},"excerpt":{"rendered":"<p>O Movimento de Aposentados, Pensionistas e Idosos, do PDT (MAPI) realiza sua reuni\u00e3o anual no dia 1 de outubro (quinta-feira) em comemora\u00e7\u00e3o ao Dia do Idoso. \u201cDurante a solenidade ser\u00e3o homenageados companheiros cujas participa\u00e7\u00f5es pol\u00edticas foram fundamentais para a organiza\u00e7\u00e3o e crescimento do Trabalhismo e do nosso movimento\u201d, explica a presidente do MAPI-PDT, Maria Jos\u00e9&#8230;<!-- AddThis Advanced Settings generic via filter on wp_trim_excerpt --><!-- AddThis Share Buttons generic via filter on wp_trim_excerpt --><\/p>\n","protected":false},"author":17,"featured_media":37667,"comment_status":"closed","ping_status":"closed","sticky":false,"template":"","format":"standard","meta":{"_monsterinsights_skip_tracking":false,"_monsterinsights_sitenote_active":false,"_monsterinsights_sitenote_note":"","_monsterinsights_sitenote_category":0,"_uf_show_specific_survey":0,"_uf_disable_surveys":false,"footnotes":""},"categories":[1588,1397],"tags":[],"class_list":["post-37666","post","type-post","status-publish","format-standard","has-post-thumbnail","hentry","category-mapi","category-movimentos"],"acf":[],"_links":{"self":[{"href":"https:\/\/pdt-rj.org.br\/index.php\/wp-json\/wp\/v2\/posts\/37666","targetHints":{"allow":["GET"]}}],"collection":[{"href":"https:\/\/pdt-rj.org.br\/index.php\/wp-json\/wp\/v2\/posts"}],"about":[{"href":"https:\/\/pdt-rj.org.br\/index.php\/wp-json\/wp\/v2\/types\/post"}],"author":[{"embeddable":true,"href":"https:\/\/pdt-rj.org.br\/index.php\/wp-json\/wp\/v2\/users\/17"}],"replies":[{"embeddable":true,"href":"https:\/\/pdt-rj.org.br\/index.php\/wp-json\/wp\/v2\/comments?post=37666"}],"version-history":[{"count":1,"href":"https:\/\/pdt-rj.org.br\/index.php\/wp-json\/wp\/v2\/posts\/37666\/revisions"}],"predecessor-version":[{"id":52589,"href":"https:\/\/pdt-rj.org.br\/index.php\/wp-json\/wp\/v2\/posts\/37666\/revisions\/52589"}],"wp:featuredmedia":[{"embeddable":true,"href":"https:\/\/pdt-rj.org.br\/index.php\/wp-json\/wp\/v2\/media\/37667"}],"wp:attachment":[{"href":"https:\/\/pdt-rj.org.br\/index.php\/wp-json\/wp\/v2\/media?parent=37666"}],"wp:term":[{"taxonomy":"category","embeddable":true,"href":"https:\/\/pdt-rj.org.br\/index.php\/wp-json\/wp\/v2\/categories?post=37666"},{"taxonomy":"post_tag","embeddable":true,"href":"https:\/\/pdt-rj.org.br\/index.php\/wp-json\/wp\/v2\/tags?post=37666"}],"curies":[{"name":"wp","href":"https:\/\/api.w.org\/{rel}","templated":true}]}}