{"id":37660,"date":"2015-09-24T19:36:09","date_gmt":"2015-09-24T22:36:09","guid":{"rendered":"http:\/\/pdt-rj.org.br\/index.php\/flavia-moraes-quer-assegurar-gratuidade-de-carrinho-de-bebe-em-aviao\/"},"modified":"2017-10-26T09:08:08","modified_gmt":"2017-10-26T11:08:08","slug":"flavia-moraes-quer-assegurar-gratuidade-de-carrinho-de-bebe-em-aviao","status":"publish","type":"post","link":"https:\/\/pdt-rj.org.br\/index.php\/flavia-moraes-quer-assegurar-gratuidade-de-carrinho-de-bebe-em-aviao\/","title":{"rendered":"Fl\u00e1via Morais quer assegurar gratuidade de carrinho de beb\u00ea em avi\u00e3o"},"content":{"rendered":"<p>A Comiss&atilde;o de Defesa do Consumidor aprovou, nesta quarta-feira (23), o Projeto de Lei 7558\/14, da deputada Fl&aacute;via Morais (PDT-GO), que assegura ao passageiro acompanhante de crian&ccedil;a com menos de dois anos, e que n&atilde;o ocupe acento em aeronave, o direito de despachar o carrinho de beb&ecirc; ou o beb&ecirc; conforto, sem inclui-lo na franquia de bagagem. A proposta altera o C&oacute;digo Brasileiro de Aeron&aacute;utica (Lei 7.565\/86)<\/p>\n<p>De acordo com a deputada, a medida garante por lei ao passageiro, um&nbsp;<span class=\"text_exposed_show\">direito atualmente concedido pelas companhias a&eacute;reas, que &eacute; o despacho, sem custo adicional e sem preju&iacute;zo da franquia desses equipamentos essenciais para crian&ccedil;as de colo.<\/span><\/p>\n<p><span class=\"text_exposed_show\"> &ldquo;Creio que a mat&eacute;ria em quest&atilde;o &eacute; relevante demais para as fam&iacute;lias, n&atilde;o podendo ser deixada, por isso, &agrave; merc&ecirc; da discricionariedade do empresariado&rdquo;, alegou.<br \/><\/span><\/p>\n<p><span class=\"text_exposed_show\">Conclusiva nas comiss&otilde;es, a proposta ainda vai ser apreciada pelas Comiss&otilde;es de Via&ccedil;&atilde;o e Transporte e Constitui&ccedil;&atilde;o e Justi&ccedil;a e de Cidadania.<\/span><\/p>\n<p>Ascom PDT\/EI &#8211; Lid. PDT na C\u00e2mara<\/p>\n<!-- AddThis Advanced Settings generic via filter on the_content --><!-- AddThis Share Buttons generic via filter on the_content -->","protected":false},"excerpt":{"rendered":"<p>A Comiss&atilde;o de Defesa do Consumidor aprovou, nesta quarta-feira (23), o Projeto de Lei 7558\/14, da deputada Fl&aacute;via Morais (PDT-GO), que assegura ao passageiro acompanhante de crian&ccedil;a com menos de dois anos, e que n&atilde;o ocupe acento em aeronave, o direito de despachar o carrinho de beb&ecirc; ou o beb&ecirc; conforto, sem inclui-lo na franquia&#8230;<!-- AddThis Advanced Settings generic via filter on wp_trim_excerpt --><!-- AddThis Share Buttons generic via filter on wp_trim_excerpt --><\/p>\n","protected":false},"author":17,"featured_media":37661,"comment_status":"open","ping_status":"open","sticky":false,"template":"","format":"standard","meta":{"_monsterinsights_skip_tracking":false,"_monsterinsights_sitenote_active":false,"_monsterinsights_sitenote_note":"","_monsterinsights_sitenote_category":0,"_uf_show_specific_survey":0,"_uf_disable_surveys":false,"footnotes":""},"categories":[1459,976],"tags":[],"class_list":["post-37660","post","type-post","status-publish","format-standard","has-post-thumbnail","hentry","category-congresso","category-noticias-em-destaque"],"acf":[],"_links":{"self":[{"href":"https:\/\/pdt-rj.org.br\/index.php\/wp-json\/wp\/v2\/posts\/37660","targetHints":{"allow":["GET"]}}],"collection":[{"href":"https:\/\/pdt-rj.org.br\/index.php\/wp-json\/wp\/v2\/posts"}],"about":[{"href":"https:\/\/pdt-rj.org.br\/index.php\/wp-json\/wp\/v2\/types\/post"}],"author":[{"embeddable":true,"href":"https:\/\/pdt-rj.org.br\/index.php\/wp-json\/wp\/v2\/users\/17"}],"replies":[{"embeddable":true,"href":"https:\/\/pdt-rj.org.br\/index.php\/wp-json\/wp\/v2\/comments?post=37660"}],"version-history":[{"count":1,"href":"https:\/\/pdt-rj.org.br\/index.php\/wp-json\/wp\/v2\/posts\/37660\/revisions"}],"predecessor-version":[{"id":56387,"href":"https:\/\/pdt-rj.org.br\/index.php\/wp-json\/wp\/v2\/posts\/37660\/revisions\/56387"}],"wp:featuredmedia":[{"embeddable":true,"href":"https:\/\/pdt-rj.org.br\/index.php\/wp-json\/wp\/v2\/media\/37661"}],"wp:attachment":[{"href":"https:\/\/pdt-rj.org.br\/index.php\/wp-json\/wp\/v2\/media?parent=37660"}],"wp:term":[{"taxonomy":"category","embeddable":true,"href":"https:\/\/pdt-rj.org.br\/index.php\/wp-json\/wp\/v2\/categories?post=37660"},{"taxonomy":"post_tag","embeddable":true,"href":"https:\/\/pdt-rj.org.br\/index.php\/wp-json\/wp\/v2\/tags?post=37660"}],"curies":[{"name":"wp","href":"https:\/\/api.w.org\/{rel}","templated":true}]}}