{"id":3737,"date":"2011-02-21T05:03:59","date_gmt":"2011-02-21T08:03:59","guid":{"rendered":"http:\/\/pdt-rj.org.br\/index.php\/lupi-descarta-flexibilizacao-do-ponto-eletronico"},"modified":"2011-02-21T05:03:59","modified_gmt":"2011-02-21T08:03:59","slug":"lupi-descarta-flexibilizacao-do-ponto-eletronico","status":"publish","type":"post","link":"https:\/\/pdt-rj.org.br\/index.php\/lupi-descarta-flexibilizacao-do-ponto-eletronico\/","title":{"rendered":"Lupi descarta flexibiliza\u00e7\u00e3o do ponto eletr\u00f4nico"},"content":{"rendered":"<p>S&atilde;o Paulo &#8211; O ministro do Trabalho, Carlos Lupi, negou que v&aacute; ocorrer uma flexibiliza&ccedil;&atilde;o da portaria do minist&eacute;rio que obrigar&aacute; as empresas a instalarem o ponto eletr&ocirc;nico a partir do dia 1&ordm; de mar&ccedil;o. Para o ministro, as empresas t&ecirc;m procurado se adequar &agrave; determina&ccedil;&atilde;o.<\/p>\n<p>As exce&ccedil;&otilde;es s&oacute; seriam concedidas em casos de acordos coletivos entre patr&otilde;es e empregados abrindo m&atilde;o do mecanismo, o que deve ser definido entre hoje e amanh&atilde;. Lupi falou aos jornalistas ap&oacute;s visita ao presidente da Federa&ccedil;&atilde;o das Ind&uacute;strias de S&atilde;o Paulo (Fiesp), Paulo Skaf, na &uacute;ltima sexta-feira.<\/p>\n<p>&#8220;J&aacute; foi prorrogada por duas vezes e vai valer a partir do dia 1&ordm; de mar&ccedil;o. Estamos estudando medidas propostas por empres&aacute;rios e trabalhadores visando a possibilidade de um acordo coletivo que permita a possibilidade da dispensa do novo ponto. Devo ter uma posi&ccedil;&atilde;o sobre isso provavelmente entre segunda [hoje] e ter&ccedil;a-feira [amanh&atilde;]. &Eacute; a &uacute;nica altera&ccedil;&atilde;o prevista&#8221;, afirmou Lupi.<\/p>\n<p>Skaf, por sua vez, refor&ccedil;ou que a Fiesp deseja n&atilde;o apenas uma flexibiliza&ccedil;&atilde;o dos prazos para a entrada em vigor da norma, como tamb&eacute;m que as empresas tenham autonomia para decidir sobre a implanta&ccedil;&atilde;o do sistema.<\/p>\n<p>&#8220;A discuss&atilde;o &eacute; mais profunda que o prazo, sen&atilde;o fica-se mais restrito a pedir prorroga&ccedil;&atilde;o e n&atilde;o &eacute; resolvido o problema. &Eacute; um investimento enorme, um custo enorme e isso para ter o comprovante num papelzinho, em pleno s&eacute;culo 21, que o pr&oacute;prio trabalhador n&atilde;o faz quest&atilde;o. N&atilde;o h&aacute; documento de central sindical ou Minist&eacute;rio do Trabalho reclamando de fraude generalizada. Nos processos da Justi&ccedil;a tamb&eacute;m n&atilde;o h&aacute; um levantamento de processos que digam respeito a esse caso&#8221;, argumentou Skaf.&nbsp;<\/p>\n<p>Ascom\/OM\/DCI<\/p>\n<!-- AddThis Advanced Settings generic via filter on the_content --><!-- AddThis Share Buttons generic via filter on the_content -->","protected":false},"excerpt":{"rendered":"<p>S&atilde;o Paulo &#8211; O ministro do Trabalho, Carlos Lupi, negou que v&aacute; ocorrer uma flexibiliza&ccedil;&atilde;o da portaria do minist&eacute;rio que obrigar&aacute; as empresas a instalarem o ponto eletr&ocirc;nico a partir do dia 1&ordm; de mar&ccedil;o. Para o ministro, as empresas t&ecirc;m procurado se adequar &agrave; determina&ccedil;&atilde;o. As exce&ccedil;&otilde;es s&oacute; seriam concedidas em casos de acordos&#8230;<!-- AddThis Advanced Settings generic via filter on wp_trim_excerpt --><!-- AddThis Share Buttons generic via filter on wp_trim_excerpt --><\/p>\n","protected":false},"author":17,"featured_media":3738,"comment_status":"open","ping_status":"open","sticky":false,"template":"","format":"standard","meta":{"_monsterinsights_skip_tracking":false,"_monsterinsights_sitenote_active":false,"_monsterinsights_sitenote_note":"","_monsterinsights_sitenote_category":0,"_uf_show_specific_survey":0,"_uf_disable_surveys":false,"footnotes":""},"categories":[1401],"tags":[196,38],"class_list":["post-3737","post","type-post","status-publish","format-standard","has-post-thumbnail","hentry","category-nacional","tag-carlos-lupi","tag-pdt"],"acf":[],"_links":{"self":[{"href":"https:\/\/pdt-rj.org.br\/index.php\/wp-json\/wp\/v2\/posts\/3737","targetHints":{"allow":["GET"]}}],"collection":[{"href":"https:\/\/pdt-rj.org.br\/index.php\/wp-json\/wp\/v2\/posts"}],"about":[{"href":"https:\/\/pdt-rj.org.br\/index.php\/wp-json\/wp\/v2\/types\/post"}],"author":[{"embeddable":true,"href":"https:\/\/pdt-rj.org.br\/index.php\/wp-json\/wp\/v2\/users\/17"}],"replies":[{"embeddable":true,"href":"https:\/\/pdt-rj.org.br\/index.php\/wp-json\/wp\/v2\/comments?post=3737"}],"version-history":[{"count":0,"href":"https:\/\/pdt-rj.org.br\/index.php\/wp-json\/wp\/v2\/posts\/3737\/revisions"}],"wp:featuredmedia":[{"embeddable":true,"href":"https:\/\/pdt-rj.org.br\/index.php\/wp-json\/wp\/v2\/media\/3738"}],"wp:attachment":[{"href":"https:\/\/pdt-rj.org.br\/index.php\/wp-json\/wp\/v2\/media?parent=3737"}],"wp:term":[{"taxonomy":"category","embeddable":true,"href":"https:\/\/pdt-rj.org.br\/index.php\/wp-json\/wp\/v2\/categories?post=3737"},{"taxonomy":"post_tag","embeddable":true,"href":"https:\/\/pdt-rj.org.br\/index.php\/wp-json\/wp\/v2\/tags?post=3737"}],"curies":[{"name":"wp","href":"https:\/\/api.w.org\/{rel}","templated":true}]}}