{"id":3713,"date":"2011-02-19T12:48:26","date_gmt":"2011-02-19T14:48:26","guid":{"rendered":"http:\/\/pdt-rj.org.br\/index.php\/lupi-adianta-que-geracao-de-emprego-em-janeiro-superou-150-mil-vagas-anuncio-sai-na-semana-que-vem"},"modified":"2011-02-19T12:48:26","modified_gmt":"2011-02-19T14:48:26","slug":"lupi-adianta-que-geracao-de-emprego-em-janeiro-superou-150-mil-vagas-anuncio-sai-na-semana-que-vem","status":"publish","type":"post","link":"https:\/\/pdt-rj.org.br\/index.php\/lupi-adianta-que-geracao-de-emprego-em-janeiro-superou-150-mil-vagas-anuncio-sai-na-semana-que-vem\/","title":{"rendered":"Lupi adianta que gera\u00e7\u00e3o de emprego em janeiro superou 150 mil vagas; an\u00fancio sai na semana que vem"},"content":{"rendered":"<p><span class=\"Apple-style-span\" style=\"border-collapse: separate; color: #000000; font-family: 'Times New Roman'; font-style: normal; font-variant: normal; font-weight: normal; letter-spacing: normal; line-height: normal; orphans: 2; text-indent: 0px; text-transform: none; white-space: normal; widows: 2; word-spacing: 0px; font-size: medium;\"><span class=\"Apple-style-span\" style=\"font-family: Arial,'Arial Black'; font-size: 12px; text-align: justify;\"><\/p>\n<p>O ministro Carlos Lupi disse nesta sexta (18\/02) em S&atilde;o Paulo que foram gerados mais de 150 mil empregos no pa&iacute;s durante o m&ecirc;s passado. &ldquo;Ser&aacute; (quando divulgado) o segundo melhor resultado da hist&oacute;ria para um m&ecirc;s de janeiro&rdquo;, disse ele.<\/p>\n<p>Os n&uacute;meros do Caged, o Cadastro Geral de Empregados e Desempregados, do Minist&eacute;rio do Trabalho e Emprego (MTE) ser&atilde;o divulgados na semana que vem pelo pr&oacute;prio ministro durante entrevista coletiva na sede do Minist&eacute;rio em Bras&iacute;lia (DF).<\/p>\n<p><\/span><\/span><\/p>\n<div id=\"_mcePaste\" class=\"mcePaste\" style=\"position: absolute; left: -10000px; top: 0px; width: 1px; height: 1px; overflow: hidden;\"><span class=\"Apple-style-span\" style=\"border-collapse: separate; color: #000000; font-family: 'Times New Roman'; font-style: normal; font-variant: normal; font-weight: normal; letter-spacing: normal; line-height: normal; orphans: 2; text-indent: 0px; text-transform: none; white-space: normal; widows: 2; word-spacing: 0px; font-size: medium;\"><span class=\"Apple-style-span\" style=\"font-family: Arial,'Arial Black'; font-size: 12px; text-align: justify;\"><\/p>\n<div>\n<div class=\"TituloPost\" style=\"color: black; font-family: Arial; font-size: 23px; text-decoration: none; font-weight: bold; text-align: left; width: 480px; cursor: pointer;\" title=\"Link permanente para Lupi adianta que gera&ccedil;&atilde;o de emprego em janeiro superou 150 mil vagas; an&uacute;ncio sai na semana que vem\">Lupi adianta que gera&ccedil;&atilde;o de emprego em janeiro superou 150 mil vagas; an&uacute;ncio sai na semana que vem<\/div>\n<\/div>\n<table>\n<tbody>\n<tr>\n<td><label style=\"color: #085ea7; font-family: Arial;\">Equipe do Blog , 18 de fevereiro de 2011<\/label><\/td>\n<\/tr>\n<\/tbody>\n<\/table>\n<div class=\"entry\"><label><\/label><\/p>\n<p>O ministro Carlos Lupi disse nesta sexta em S&atilde;o Paulo ao sair de um encontro na Fiesp que foram gerados mais de 150 mil empregos no pa&iacute;s durante o m&ecirc;s passado. &ldquo;Ser&aacute; (quando divulgado) o segundo melhor resultado da hist&oacute;ria para um m&ecirc;s de janeiro&rdquo;, disse ele.<\/p>\n<p>Os n&uacute;meros do Caged, o Cadastro Geral de Empregados e Desempregados, do Minist&eacute;rio do Trabalho e Emprego (MTE) ser&atilde;o divulgados na semana que vem pelo pr&oacute;prio ministro durante entrevista coletiva na sede do Minist&eacute;rio em Bras&iacute;lia (DF). O dia ainda n&atilde;o foi determinado.<\/p>\n<\/div>\n<p><\/span><\/span><\/div>\n<p>Blog do Trabalho<\/p>\n<!-- AddThis Advanced Settings generic via filter on the_content --><!-- AddThis Share Buttons generic via filter on the_content -->","protected":false},"excerpt":{"rendered":"<p>O ministro Carlos Lupi disse nesta sexta (18\/02) em S&atilde;o Paulo que foram gerados mais de 150 mil empregos no pa&iacute;s durante o m&ecirc;s passado. &ldquo;Ser&aacute; (quando divulgado) o segundo melhor resultado da hist&oacute;ria para um m&ecirc;s de janeiro&rdquo;, disse ele. Os n&uacute;meros do Caged, o Cadastro Geral de Empregados e Desempregados, do Minist&eacute;rio do&#8230;<!-- AddThis Advanced Settings generic via filter on wp_trim_excerpt --><!-- AddThis Share Buttons generic via filter on wp_trim_excerpt --><\/p>\n","protected":false},"author":17,"featured_media":3714,"comment_status":"open","ping_status":"open","sticky":false,"template":"","format":"standard","meta":{"_monsterinsights_skip_tracking":false,"_monsterinsights_sitenote_active":false,"_monsterinsights_sitenote_note":"","_monsterinsights_sitenote_category":0,"_uf_show_specific_survey":0,"_uf_disable_surveys":false,"footnotes":""},"categories":[1401],"tags":[196,38],"class_list":["post-3713","post","type-post","status-publish","format-standard","has-post-thumbnail","hentry","category-nacional","tag-carlos-lupi","tag-pdt"],"acf":[],"_links":{"self":[{"href":"https:\/\/pdt-rj.org.br\/index.php\/wp-json\/wp\/v2\/posts\/3713","targetHints":{"allow":["GET"]}}],"collection":[{"href":"https:\/\/pdt-rj.org.br\/index.php\/wp-json\/wp\/v2\/posts"}],"about":[{"href":"https:\/\/pdt-rj.org.br\/index.php\/wp-json\/wp\/v2\/types\/post"}],"author":[{"embeddable":true,"href":"https:\/\/pdt-rj.org.br\/index.php\/wp-json\/wp\/v2\/users\/17"}],"replies":[{"embeddable":true,"href":"https:\/\/pdt-rj.org.br\/index.php\/wp-json\/wp\/v2\/comments?post=3713"}],"version-history":[{"count":0,"href":"https:\/\/pdt-rj.org.br\/index.php\/wp-json\/wp\/v2\/posts\/3713\/revisions"}],"wp:featuredmedia":[{"embeddable":true,"href":"https:\/\/pdt-rj.org.br\/index.php\/wp-json\/wp\/v2\/media\/3714"}],"wp:attachment":[{"href":"https:\/\/pdt-rj.org.br\/index.php\/wp-json\/wp\/v2\/media?parent=3713"}],"wp:term":[{"taxonomy":"category","embeddable":true,"href":"https:\/\/pdt-rj.org.br\/index.php\/wp-json\/wp\/v2\/categories?post=3713"},{"taxonomy":"post_tag","embeddable":true,"href":"https:\/\/pdt-rj.org.br\/index.php\/wp-json\/wp\/v2\/tags?post=3713"}],"curies":[{"name":"wp","href":"https:\/\/api.w.org\/{rel}","templated":true}]}}