{"id":37081,"date":"2015-04-15T15:30:36","date_gmt":"2015-04-15T18:30:36","guid":{"rendered":"http:\/\/pdt-rj.org.br\/index.php\/lupi-ninguem-leva-pdt-para-direita-nossa-historia-nao-permite\/"},"modified":"2015-04-15T15:30:36","modified_gmt":"2015-04-15T18:30:36","slug":"lupi-ninguem-leva-pdt-para-direita-nossa-historia-nao-permite","status":"publish","type":"post","link":"https:\/\/pdt-rj.org.br\/index.php\/lupi-ninguem-leva-pdt-para-direita-nossa-historia-nao-permite\/","title":{"rendered":"Lupi: &#8216;Ningu\u00e9m  leva PDT para direita, nossa Hist\u00f3ria n\u00e3o permite&#8217;"},"content":{"rendered":"<p>&ldquo;H&aacute; um jogo &nbsp;para privatizar a Petrobr&aacute;s e o pr&eacute;-sal, complexo e dif&iacute;cil, e se n&atilde;o tivermos discernimento podemos correr risco de fazer coro aos que querem se apossar da Petrobras que apesar de toda a campanha de difama&ccedil;&atilde;o que enfrenta &#8211; at&eacute; o final do ano estar&aacute; produzindo 3 milh&otilde;es de barris de petr&oacute;leo\/dia e j&aacute; &eacute; maior empresa de capital aberto do mundo na extra&ccedil;&atilde;o de petr&oacute;leo&rdquo;, afirmou o presidente nacional do PDT, Carlos Lupi, ao fazer um balan&ccedil;o do momento pol&iacute;tico brasileiro, na reuni&atilde;o do diret&oacute;rio estadual do PDT-RJ realizada no Rio, na &uacute;ltima segunda-feira (13\/4).<\/p>\n<p>Segundo Lupi o governo faz a coisa certa por ao se dedicar a recupera&ccedil;&atilde;o da boa imagem da Petrobras, devagar. Mas tamb&eacute;m criticou a paralisa&ccedil;&atilde;o da constru&ccedil;&atilde;o das novas refinarias da Petrobras, que considera fundamentais para o pa&iacute;s.<\/p>\n<p>&ldquo;Quando param obras como as do COMPERJ, aqui no Rio de Janeiro e das refinarias de Pernambuco, Maranh&atilde;o e Cear&aacute; &ndash; quem perde &eacute; o Brasil e quem ganha s&atilde;o os grandes grupos econ&ocirc;micos nos deixando numa situa&ccedil;&atilde;o dif&iacute;cil diante do pov&atilde;o por conta desse jogo de interesses&rdquo;, frisou.<\/p>\n<p>Ainda sobre o assunto, disse que o PDT nacional esta promovendo dois encontros, ambos em Bras&iacute;lia, nesta quinta-feira (16\/4) e no pr&oacute;ximo dia 28 de abril, para que &ldquo;pensadores econ&ocirc;micos&rdquo; alinhados ao partido atualizem &ldquo;a vis&atilde;o trabalhista na &aacute;rea econ&ocirc;mica&rdquo;. Segundo Lupi, nesta hora dif&iacute;cil, sem atrelamentos, &nbsp;&ldquo;temos que discutir e ter claro o nosso caminho pr&oacute;prio para o futuro&rdquo;.<\/p>\n<p>Ele tamb&eacute;m destacou:<\/p>\n<p>&ldquo;Ningu&eacute;m vai levar este partido para a direita, rompendo com a esquerda. A nossa Hist&oacute;ria n&atilde;o permite isto. Mas temos que discutir que pol&iacute;tica econ&ocirc;mica queremos para o Brasil, como &nbsp;desenvolver a ci&ecirc;ncia e a tecnologia para caminharmos com as pr&oacute;prias pernas, como fica a educa&ccedil;&atilde;o de qualidade em hor&aacute;rio integral, como fica o nosso projeto de Na&ccedil;&atilde;o.&nbsp; O governo que apoiamos tem que ter projeto de Na&ccedil;&atilde;o, n&atilde;o basta projeto de poder. Estamos no governo para influir nas pol&iacute;ticas p&uacute;blicas e jamais faremos coro com a direita. Infelizmente h&aacute; companheiros com discurso de dar vergonha na gente. N&atilde;o podemos entrar nesta, por isso defendo apoio cr&iacute;tico ao governo, sem cargos, para ajudar no que acreditamos e criticar o que consideramos &nbsp;errado. N&atilde;o podemos fazer como o PSB, que rompeu e foi para a direita&rdquo;.<\/p>\n<p>Lupi prosseguiu:<\/p>\n<p>&ldquo;Na minha opini&atilde;o, Dilma est&aacute; prisioneira do processo e n&atilde;o est&aacute; tendo capacidade e lideran&ccedil;a para se libertar dele, infelizmente. Mas n&atilde;o seremos n&oacute;s que a empurraremos para a direita ou vamos &nbsp;virar as costas para a sua hist&oacute;ria com a gente. N&atilde;o caminharemos com a atual onda neoliberal e moralista que aponta o dedo para Dilma, sendo eles respons&aacute;veis pelas privatiza&ccedil;&otilde;es que promoveram a maior roubalheira de nossa hist&oacute;ria&rdquo;.<\/p>\n<p>Lupi concluiu sua fala, &nbsp;confirmando que a dire&ccedil;&atilde;o nacional do partido, em sua &uacute;ltima em Bras&iacute;lia, decidiu convocar o Diret&oacute;rio Nacional do partido, formalmente, para o pr&oacute;ximo dia 15 de maio na sede da Funda&ccedil;&atilde;o Leonel Brizola &ndash; Alberto Pasqualini, no Rio de Janeiro, para discutir a fundo a quest&atilde;o nacional, propostas do PDT para a economia e a participa&ccedil;&atilde;o do partido no governo federal.<\/p>\n<p>&ldquo;Vamos discutir nosso papel pol&iacute;tico. O PDT n&atilde;o tem amarra a cargos, nosso projeto &eacute; o de &nbsp;construir uma Na&ccedil;&atilde;o onde os trabalhadores sejam livres e independentes&rdquo;, destacou.<\/p>\n<p>Em seguida, depois de saudar e anunciar a refilia&ccedil;&atilde;o de dois fundadores do partido que, por raz&otilde;es diversas, se afastaram dele ao longo dos anos &ndash; Segadas Viana Filho e Roberto Teixeira, Lupi passou a palavra a eles para uma r&aacute;pida sauda&ccedil;&atilde;o.<\/p>\n<p>Depois, convocou o vice-presidente do PDT-RJ, Jos&eacute; Bonif&aacute;cio Novelino, para que ele desse informes sobre o andamento das conven&ccedil;&otilde;es municipais que est&atilde;o sendo realizadas nos meses de abril e maio e, tamb&eacute;m informa&ccedil;&otilde;es sobre a realiza&ccedil;&atilde;o da conven&ccedil;&atilde;o estadual, marcada para o pr&oacute;ximo dia 27\/4.<\/p>\n<p>Bonif&aacute;cio fez um relato das negocia&ccedil;&otilde;es para a forma&ccedil;&atilde;o do pr&oacute;ximo diret&oacute;rio e tamb&eacute;m das conven&ccedil;&otilde;es municipais que est&atilde;o acontecendo pelo Estado, sendo as mais recentes, as de Pinheiral,&nbsp; Barra do Pira&iacute; e Arraial do Cabo. &nbsp;<\/p>\n<p>Segundo ele, em maio se realizar&atilde;o pelo menos 20 conven&ccedil;&otilde;es, as quais ele est&aacute; dando toda assist&ecirc;ncia; &nbsp;e tamb&eacute;m se realizar&aacute; a conven&ccedil;&atilde;o estadual, s&oacute; que em julho.<\/p>\n<p>Bonif&aacute;cio chamou ainda a aten&ccedil;&atilde;o para a necessidade de cumprimento da legisla&ccedil;&atilde;o quanto a participa&ccedil;&atilde;o das mulheres na composi&ccedil;&atilde;o dos diret&oacute;rios &nbsp;e tamb&eacute;m na lista de candidatos das elei&ccedil;&otilde;es municipais do ano que vem.<\/p>\n<p>J&aacute; o secret&aacute;rio-geral do PDT-RJ, Ismael Lisboa, chamou a aten&ccedil;&atilde;o dos presentes para a necessidade de se manterem em permanente contato com a dire&ccedil;&atilde;o estadual, via correio eletr&ocirc;nico. E pediu a todos que n&atilde;o deixassem de repassar para o&nbsp; email oficial da dire&ccedil;&atilde;o estadual &#8211; <a href=\"mailto:secretaria@pdt-rj.org.br\">secretaria@pdt-rj.org.br<\/a> &#8211;&nbsp; todos os informes que tiverem, para facilitar a circula&ccedil;&atilde;o da informa&ccedil;&atilde;o dentro do partido.<\/p>\n<p>Em seguida foi aberta a palavra aos integrantes do diret&oacute;rio, onde foram recorrentes as cr&iacute;ticas ao posicionamento de alguns integrantes da bancada federal do partido ao se posicionarem pela redu&ccedil;&atilde;o da maioridade penal e, tamb&eacute;m, a favor da terceiriza&ccedil;&atilde;o. Os oradores se sucederam, como tamb&eacute;m as cr&iacute;ticas.<\/p>\n<p>OM &#8211; Por Osvaldo Maneschy<\/p>\n<!-- AddThis Advanced Settings generic via filter on the_content --><!-- AddThis Share Buttons generic via filter on the_content -->","protected":false},"excerpt":{"rendered":"<p>&ldquo;H&aacute; um jogo &nbsp;para privatizar a Petrobr&aacute;s e o pr&eacute;-sal, complexo e dif&iacute;cil, e se n&atilde;o tivermos discernimento podemos correr risco de fazer coro aos que querem se apossar da Petrobras que apesar de toda a campanha de difama&ccedil;&atilde;o que enfrenta &#8211; at&eacute; o final do ano estar&aacute; produzindo 3 milh&otilde;es de barris de petr&oacute;leo\/dia&#8230;<!-- AddThis Advanced Settings generic via filter on wp_trim_excerpt --><!-- AddThis Share Buttons generic via filter on wp_trim_excerpt --><\/p>\n","protected":false},"author":17,"featured_media":37082,"comment_status":"open","ping_status":"open","sticky":false,"template":"","format":"standard","meta":{"_monsterinsights_skip_tracking":false,"_monsterinsights_sitenote_active":false,"_monsterinsights_sitenote_note":"","_monsterinsights_sitenote_category":0,"_uf_show_specific_survey":0,"_uf_disable_surveys":false,"footnotes":""},"categories":[1401],"tags":[],"class_list":["post-37081","post","type-post","status-publish","format-standard","has-post-thumbnail","hentry","category-nacional"],"acf":[],"_links":{"self":[{"href":"https:\/\/pdt-rj.org.br\/index.php\/wp-json\/wp\/v2\/posts\/37081","targetHints":{"allow":["GET"]}}],"collection":[{"href":"https:\/\/pdt-rj.org.br\/index.php\/wp-json\/wp\/v2\/posts"}],"about":[{"href":"https:\/\/pdt-rj.org.br\/index.php\/wp-json\/wp\/v2\/types\/post"}],"author":[{"embeddable":true,"href":"https:\/\/pdt-rj.org.br\/index.php\/wp-json\/wp\/v2\/users\/17"}],"replies":[{"embeddable":true,"href":"https:\/\/pdt-rj.org.br\/index.php\/wp-json\/wp\/v2\/comments?post=37081"}],"version-history":[{"count":0,"href":"https:\/\/pdt-rj.org.br\/index.php\/wp-json\/wp\/v2\/posts\/37081\/revisions"}],"wp:featuredmedia":[{"embeddable":true,"href":"https:\/\/pdt-rj.org.br\/index.php\/wp-json\/wp\/v2\/media\/37082"}],"wp:attachment":[{"href":"https:\/\/pdt-rj.org.br\/index.php\/wp-json\/wp\/v2\/media?parent=37081"}],"wp:term":[{"taxonomy":"category","embeddable":true,"href":"https:\/\/pdt-rj.org.br\/index.php\/wp-json\/wp\/v2\/categories?post=37081"},{"taxonomy":"post_tag","embeddable":true,"href":"https:\/\/pdt-rj.org.br\/index.php\/wp-json\/wp\/v2\/tags?post=37081"}],"curies":[{"name":"wp","href":"https:\/\/api.w.org\/{rel}","templated":true}]}}