{"id":37079,"date":"2015-04-15T14:08:57","date_gmt":"2015-04-15T17:08:57","guid":{"rendered":"http:\/\/pdt-rj.org.br\/index.php\/supervalorizacao-do-marketing-eleitoral-e-criticada-por-lupi\/"},"modified":"2015-04-15T14:08:57","modified_gmt":"2015-04-15T17:08:57","slug":"supervalorizacao-do-marketing-eleitoral-e-criticada-por-lupi","status":"publish","type":"post","link":"https:\/\/pdt-rj.org.br\/index.php\/supervalorizacao-do-marketing-eleitoral-e-criticada-por-lupi\/","title":{"rendered":"Supervaloriza\u00e7\u00e3o do marketing eleitoral \u00e9 criticada por Lupi"},"content":{"rendered":"<p>O presidente nacional do PDT, Carlos Lupi, ouvido nesta ter&ccedil;a (14\/4) em Bras&iacute;lia na audi&ecirc;ncia p&uacute;blica dedicada aos partidos da comiss&atilde;o especial da C&acirc;mara dos Deputados para a reforma pol&iacute;tica, defendeu a necessidade de uma discuss&atilde;o s&eacute;ria e profunda sobre o papel dos partidos sob pena de se fazer uma reforma in&oacute;cua, como v&aacute;rias outras j&aacute; feitas, que visam a pr&oacute;xima elei&ccedil;&atilde;o e n&atilde;o as&nbsp; pr&oacute;ximas gera&ccedil;&otilde;es de brasileiros. &ldquo;Os partidos precisam discutir mais pol&iacute;tica, mais projetos, mais ideias para o Brasil e mostrar por que e para que foram criados&rdquo;, destacou.<\/p>\n<p>egundo, pelo fato da democracia brasileira ser recente, desde a elei&ccedil;&atilde;o presidencial de 1989 &ldquo;temos queimado nosso patrim&ocirc;nio de conquistas sociais&rdquo; e por isso &eacute; fundamental que a popula&ccedil;&atilde;o tamb&eacute;m seja ouvida sobre a reforma pol&iacute;tica. Lupi condenou o marketing eleitoral ter assumido &nbsp;import&acirc;ncia t&atilde;o grande na vida pol&iacute;tica brasileira, a ponto dos marqueteiros terem se tornado pessoas &ldquo;at&eacute; mais importantes do que os candidatos&rdquo; nas elei&ccedil;&otilde;es.<\/p>\n<p>&ldquo;Viramos Coca Cola, produto de prateleira de supermercado, e isto est&aacute; errado. &Eacute; preciso &nbsp;valorizar o debate de ideias, a reforma pol&iacute;tica n&atilde;o pode visar apenas a pr&oacute;xima elei&ccedil;&atilde;o, tem que ser importante para as pr&oacute;ximas gera&ccedil;&otilde;es para que isto aconte&ccedil;a, &eacute; preciso que a popula&ccedil;&atilde;o tamb&eacute;m participe da discuss&atilde;o&rdquo;, frisou Lupi.<\/p>\n<p>Lupi defendeu a exist&ecirc;ncia de um percentual m&aacute;ximo fixo para os partidos gastarem com marketing pol&iacute;tico, para limitar as despesas de campanha, e defendeu, &nbsp;como Brizola defendia, a ideia que o hor&aacute;rio eleitoral na televis&atilde;o deveria ser ao vivo ou gravado com 24 horas, para que os candidatos se apresentassem ao natural, facilitando a escolha do eleitor, al&eacute;m de baratear custos.<\/p>\n<p>&ldquo;O marketing tomou conta do processo eleitoral. Todo mundo faz pesquisa, v&ecirc; o que a popula&ccedil;&atilde;o quer ouvir e a&iacute; se muda o nome do candidato, o nome do marqueteiro, mas &eacute; tudo a mesma coisa, &eacute; tudo igual&rdquo;, argumentou o presidente nacional do PDT.<\/p>\n<p>Na sua opini&atilde;o, a principal crise dos dias de hoje &eacute; pol&iacute;tica e n&atilde;o econ&ocirc;mica porque &ldquo;falta gente para discutir o futuro da Na&ccedil;&atilde;o&rdquo;.<\/p>\n<p>Ele acrescentou que &eacute; preciso encarar a realidade brasileira onde existem 34 partidos pol&iacute;ticos funcionando, embora n&atilde;o existam 34 correntes de opini&atilde;o &ndash; o que d&aacute; margem para que partidos defendam interesses leg&iacute;timos, mas tamb&eacute;m interesses ileg&iacute;timos. Criticou tamb&eacute;m o atual sistema para a cria&ccedil;&atilde;o de partidos, coleta de assinaturas, observando que hoje em dia existem escrit&oacute;rios de advocacia que, desde que recebam, colhem essas assinaturas por encomenda e a justi&ccedil;a eleitoral as aceita.<\/p>\n<p>A participa&ccedil;&atilde;o da popula&ccedil;&atilde;o &eacute; fundamental, na opini&atilde;o de Lupi, para que seja feita o que chamou de verdadeira reforma pol&iacute;tica. &ldquo;Uma reforma que n&atilde;o esbarre em vis&otilde;es pequenas, com cada partido pensando na pr&oacute;pria sobreviv&ecirc;ncia, satisfazendo egos&rdquo;.<\/p>\n<p>Ele complementou:<\/p>\n<p>&ldquo;Vejo que por sobreviv&ecirc;ncia at&eacute; o meu partido, onde estou h&aacute; 35 anos, &eacute; obrigado a agregar pessoas que tem at&eacute; conflitos hist&oacute;ricos com a gente, por conta de conveni&ecirc;ncias eleitorais. N&atilde;o deveria ser assim, isto alimenta um ciclo permanente de desvirtudes&rdquo;.<\/p>\n<p>Lupi defendeu a exist&ecirc;ncia da cl&aacute;usula de desempenho para os partidos e manifestou preocupa&ccedil;&atilde;o com a tese da coincid&ecirc;ncia das elei&ccedil;&otilde;es porque, obrigatoriamente, ela leva a prorroga&ccedil;&atilde;o ou encurtamento de mandatos. &nbsp;De acordo com ele, &eacute; preciso, ainda, valorizar os partidos hist&oacute;ricos e combater as legendas de aluguel.<\/p>\n<p>Na mesma sess&atilde;o, foram ouvidos tamb&eacute;m os presidentes do PSD, Guilherme Campos; do PSB, Carlos Siqueira; do PRB, Marcos Pereira; e do PC do B, Renato Rabelo.<\/p>\n<p>Um das propostas da reforma que tramita no Congresso, a mudan&ccedil;a no sistema eleitoral proporcional para o chamado &ldquo;distrit&atilde;o&rdquo; nas elei&ccedil;&otilde;es para deputados e vereadores &#8211; est&aacute; longe de ser unanimidade entre os partidos.<\/p>\n<p>De acordo com o relator da comiss&atilde;o especial que analisa a reforma pol&iacute;tica, deputado Marcelo Castro (PMDB-PI), o relat&oacute;rio final do colegiado ser&aacute; entregue no in&iacute;cio de maio, e a vota&ccedil;&atilde;o do tema no plen&aacute;rio da C&acirc;mara dever&aacute; ser realizada no dia 26 do m&ecirc;s que vem por determina&ccedil;&atilde;o do presidente, deputado Eduardo Cunha (PMDB-RJ).<\/p>\n<p>&nbsp;<\/p>\n<p>Assista entrevista com Lupi &nbsp;ap&oacute;s a audi&ecirc;ncia p&uacute;blica:<\/p>\n<p>&nbsp;<\/p>\n<\/p>\n<p>OM\/MCS &#8211; Ag\u00eancia C\u00e2mara<\/p>\n<!-- AddThis Advanced Settings generic via filter on the_content --><!-- AddThis Share Buttons generic via filter on the_content -->","protected":false},"excerpt":{"rendered":"<p>O presidente nacional do PDT, Carlos Lupi, ouvido nesta ter&ccedil;a (14\/4) em Bras&iacute;lia na audi&ecirc;ncia p&uacute;blica dedicada aos partidos da comiss&atilde;o especial da C&acirc;mara dos Deputados para a reforma pol&iacute;tica, defendeu a necessidade de uma discuss&atilde;o s&eacute;ria e profunda sobre o papel dos partidos sob pena de se fazer uma reforma in&oacute;cua, como v&aacute;rias outras&#8230;<!-- AddThis Advanced Settings generic via filter on wp_trim_excerpt --><!-- AddThis Share Buttons generic via filter on wp_trim_excerpt --><\/p>\n","protected":false},"author":17,"featured_media":37080,"comment_status":"open","ping_status":"open","sticky":false,"template":"","format":"standard","meta":{"_monsterinsights_skip_tracking":false,"_monsterinsights_sitenote_active":false,"_monsterinsights_sitenote_note":"","_monsterinsights_sitenote_category":0,"_uf_show_specific_survey":0,"_uf_disable_surveys":false,"footnotes":""},"categories":[1401],"tags":[],"class_list":["post-37079","post","type-post","status-publish","format-standard","has-post-thumbnail","hentry","category-nacional"],"acf":[],"_links":{"self":[{"href":"https:\/\/pdt-rj.org.br\/index.php\/wp-json\/wp\/v2\/posts\/37079","targetHints":{"allow":["GET"]}}],"collection":[{"href":"https:\/\/pdt-rj.org.br\/index.php\/wp-json\/wp\/v2\/posts"}],"about":[{"href":"https:\/\/pdt-rj.org.br\/index.php\/wp-json\/wp\/v2\/types\/post"}],"author":[{"embeddable":true,"href":"https:\/\/pdt-rj.org.br\/index.php\/wp-json\/wp\/v2\/users\/17"}],"replies":[{"embeddable":true,"href":"https:\/\/pdt-rj.org.br\/index.php\/wp-json\/wp\/v2\/comments?post=37079"}],"version-history":[{"count":0,"href":"https:\/\/pdt-rj.org.br\/index.php\/wp-json\/wp\/v2\/posts\/37079\/revisions"}],"wp:featuredmedia":[{"embeddable":true,"href":"https:\/\/pdt-rj.org.br\/index.php\/wp-json\/wp\/v2\/media\/37080"}],"wp:attachment":[{"href":"https:\/\/pdt-rj.org.br\/index.php\/wp-json\/wp\/v2\/media?parent=37079"}],"wp:term":[{"taxonomy":"category","embeddable":true,"href":"https:\/\/pdt-rj.org.br\/index.php\/wp-json\/wp\/v2\/categories?post=37079"},{"taxonomy":"post_tag","embeddable":true,"href":"https:\/\/pdt-rj.org.br\/index.php\/wp-json\/wp\/v2\/tags?post=37079"}],"curies":[{"name":"wp","href":"https:\/\/api.w.org\/{rel}","templated":true}]}}