{"id":3693,"date":"2011-02-18T16:35:59","date_gmt":"2011-02-18T18:35:59","guid":{"rendered":"http:\/\/pdt-rj.org.br\/index.php\/lupi-em-sao-paulo-estou-com-a-consciencia-tranquila"},"modified":"2011-02-18T16:35:59","modified_gmt":"2011-02-18T18:35:59","slug":"lupi-em-sao-paulo-estou-com-a-consciencia-tranquila","status":"publish","type":"post","link":"https:\/\/pdt-rj.org.br\/index.php\/lupi-em-sao-paulo-estou-com-a-consciencia-tranquila\/","title":{"rendered":"Lupi em S\u00e3o Paulo: &#8220;Estou com a consci\u00eancia tranq\u00fcila&#8221;"},"content":{"rendered":"<p>&nbsp;O ministro Carlos Lupi afirmou nesta sexta-feira (18\/2) estar com a consci&ecirc;ncia tranq&uuml;ila &nbsp;ap&oacute;s a vota&ccedil;&atilde;o do projeto do sal&aacute;rio m&iacute;nimo em que parcela do PDT, votou contra o governo. Ele se declarou contr&aacute;rio a qualquer tipo de puni&ccedil;&atilde;o a esses parlamentares, uma vez que o Executivo saiu vitorioso.<\/p>\n<p>&#8220;N&atilde;o acho que seja inteligente fazer retalia&ccedil;&atilde;o com ningu&eacute;m, porque o governo ganhou., &eacute; vitorioso. Foi aprovada uma pol&iacute;tica de sal&aacute;rio m&iacute;nimo para os pr&oacute;ximos quatro anos&#8221;, disse aos jornalistas ap&oacute;s encontro com dirigentes da Federa&ccedil;&atilde;o das Ind&uacute;strias do Estado de S&atilde;o Paulo (FIESP).<\/p>\n<p>&#8220;N&oacute;s temos que ter grandeza para saber vencer. Quem n&atilde;o sabe ter grandeza para saber vencer depois n&atilde;o sabe perder&#8221;, acrescentou.<\/p>\n<p>Lupi, presidente licenciado do PDT, foi cobrado a buscar maior empenho de seu partido na vota&ccedil;&atilde;o na C&acirc;mara dos Deputados do valor de 545 reais para o sal&aacute;rio m&iacute;nimo na &uacute;ltima quarta-feira, quando o governo ganhou por margem folgada. Nove parlamentares da bancada pedetista votaram por um valor maior.<\/p>\n<p>O ministro disse que quem tem que responder se ele fica ou n&atilde;o no minist&eacute;rio &eacute; a presidente Dilma Rousseff. Contou que conversou com ela na quinta-feira &#8220;apenas assuntos de trabalho&#8221; e que a presidente estava feliz com a vit&oacute;ria do m&iacute;nimo. Para Lupi, cada deputado DOpdt votou conforme sua consci&ecirc;ncia.<\/p>\n<p>Antes, em outra entrevista, Lupi declarou: &ldquo;Estou sempre preparado para ir embora&rdquo; ao ser questionado pelo rep&oacute;rter da Folha Online sobre como ficaria a sua situa&ccedil;&atilde;o pessoal depois que nove dos 26 deputados federais do partido votaram contra o Governo.<\/p>\n<p>Atendendo a solicita&ccedil;&atilde;o da presidente, &nbsp;&nbsp;Lupi defendeu junto a bancada do PDT a proposta do governo conseguindo que a maioria dela votasse ontem a favor do valor proposto pelo governo. Lupi confirmou a press&atilde;o, mas ressalvou: &#8220;O processo democr&aacute;tico &eacute; assim&#8221;.<\/p>\n<p>O Ministro negou, por&eacute;m, que tenha si do amea&ccedil;ado de perder o cargo caso a bancada do PDT n&atilde;o votasse com o governo e fez quest&atilde;o de assinalar que seu cargo &eacute; pol&iacute;tico.<\/p>\n<p>&#8220;O meu cargo &eacute; de confian&ccedil;a. Eu disse isso &agrave; Presidente h&aacute; algum tempo. Sabe o que &eacute; que eu tenho em Bras&iacute;lia? Duas malas e roupa. Estou sempre preparado para ir embora&#8221;, enfatizou.<\/p>\n<p>Em tom de descontra&iacute;do, o ministro disse, antes do jantar promovido pela Associa&ccedil;&atilde;o dos Dirigentes de Vendas e Marketing do Brasil, nesta quinta (17\/2) em S&atilde;o Paulo, que suas rela&ccedil;&otilde;es com a presidente Dilma Rousseff permanecem &#8220;muito boas&#8221;.<\/p>\n<p>&#8220;Tenho a consci&ecirc;ncia tranq&uuml;ila, sei do meu dever cumprido. &Eacute; um assunto que provocou pol&ecirc;mica dentro do partido, foi uma discuss&atilde;o ideol&oacute;gica. O partido n&atilde;o se troca por cargo&#8221;, finalizou.<\/p>\n<p>Ascom\/OM\/Eli<\/p>\n<!-- AddThis Advanced Settings generic via filter on the_content --><!-- AddThis Share Buttons generic via filter on the_content -->","protected":false},"excerpt":{"rendered":"<p>&nbsp;O ministro Carlos Lupi afirmou nesta sexta-feira (18\/2) estar com a consci&ecirc;ncia tranq&uuml;ila &nbsp;ap&oacute;s a vota&ccedil;&atilde;o do projeto do sal&aacute;rio m&iacute;nimo em que parcela do PDT, votou contra o governo. Ele se declarou contr&aacute;rio a qualquer tipo de puni&ccedil;&atilde;o a esses parlamentares, uma vez que o Executivo saiu vitorioso. &#8220;N&atilde;o acho que seja inteligente fazer&#8230;<!-- AddThis Advanced Settings generic via filter on wp_trim_excerpt --><!-- AddThis Share Buttons generic via filter on wp_trim_excerpt --><\/p>\n","protected":false},"author":17,"featured_media":3694,"comment_status":"open","ping_status":"open","sticky":false,"template":"","format":"standard","meta":{"_monsterinsights_skip_tracking":false,"_monsterinsights_sitenote_active":false,"_monsterinsights_sitenote_note":"","_monsterinsights_sitenote_category":0,"_uf_show_specific_survey":0,"_uf_disable_surveys":false,"footnotes":""},"categories":[1402,1401],"tags":[196,38],"class_list":["post-3693","post","type-post","status-publish","format-standard","has-post-thumbnail","hentry","category-cidades","category-nacional","tag-carlos-lupi","tag-pdt"],"acf":[],"_links":{"self":[{"href":"https:\/\/pdt-rj.org.br\/index.php\/wp-json\/wp\/v2\/posts\/3693","targetHints":{"allow":["GET"]}}],"collection":[{"href":"https:\/\/pdt-rj.org.br\/index.php\/wp-json\/wp\/v2\/posts"}],"about":[{"href":"https:\/\/pdt-rj.org.br\/index.php\/wp-json\/wp\/v2\/types\/post"}],"author":[{"embeddable":true,"href":"https:\/\/pdt-rj.org.br\/index.php\/wp-json\/wp\/v2\/users\/17"}],"replies":[{"embeddable":true,"href":"https:\/\/pdt-rj.org.br\/index.php\/wp-json\/wp\/v2\/comments?post=3693"}],"version-history":[{"count":0,"href":"https:\/\/pdt-rj.org.br\/index.php\/wp-json\/wp\/v2\/posts\/3693\/revisions"}],"wp:featuredmedia":[{"embeddable":true,"href":"https:\/\/pdt-rj.org.br\/index.php\/wp-json\/wp\/v2\/media\/3694"}],"wp:attachment":[{"href":"https:\/\/pdt-rj.org.br\/index.php\/wp-json\/wp\/v2\/media?parent=3693"}],"wp:term":[{"taxonomy":"category","embeddable":true,"href":"https:\/\/pdt-rj.org.br\/index.php\/wp-json\/wp\/v2\/categories?post=3693"},{"taxonomy":"post_tag","embeddable":true,"href":"https:\/\/pdt-rj.org.br\/index.php\/wp-json\/wp\/v2\/tags?post=3693"}],"curies":[{"name":"wp","href":"https:\/\/api.w.org\/{rel}","templated":true}]}}