{"id":36735,"date":"2015-01-13T10:48:00","date_gmt":"2015-01-13T12:48:00","guid":{"rendered":"http:\/\/pdt-rj.org.br\/index.php\/lupi-temos-que-redobrar-em-2015-a-organizacao-partidaria\/"},"modified":"2015-01-13T10:48:00","modified_gmt":"2015-01-13T12:48:00","slug":"lupi-temos-que-redobrar-em-2015-a-organizacao-partidaria","status":"publish","type":"post","link":"https:\/\/pdt-rj.org.br\/index.php\/lupi-temos-que-redobrar-em-2015-a-organizacao-partidaria\/","title":{"rendered":"Lupi: Temos que redobrar em 2015 a organiza\u00e7\u00e3o partid\u00e1ria"},"content":{"rendered":"<p>&ldquo;Temos que redobrar o trabalho de organiza&ccedil;&atilde;o porque o sucesso do partido nas elei&ccedil;&otilde;es de 2016 depende do fortalecimento do PDT agora, em 2015&rdquo;, afirmou Carlos Lupi nesta segunda-feira (13\/1) no Rio de Janeiro, ao presidir a primeira reuni&atilde;o do diret&oacute;rio estadual do PDT-RJ deste ano realizada na sede nacional da Funda&ccedil;&atilde;o Leonel Brizola &ndash; Alberto Pasqualini, no Centro da cidade, que aprovou os calend&aacute;rios de atividades e de reuni&otilde;es para 2015.<\/p>\n<p>O plen&aacute;rio aprovou propostas de Lupi no sentido de eleger diret&oacute;rios em conven&ccedil;&otilde;es municipais em todo o estado no decorrer deste 1&deg; semestre; promover encontros regionais ao longo dos meses de mar&ccedil;o, abril, maio e junho &ndash; fechando com um grande semin&aacute;rio em julho, para definir a estrat&eacute;gia estadual para as elei&ccedil;&otilde;es municipais de 2016; &nbsp;trabalhar por novas filia&ccedil;&otilde;es que fortale&ccedil;am as listas de candidatos; e, por &uacute;ltimo, promover cursos de capacita&ccedil;&atilde;o e forma&ccedil;&atilde;o pol&iacute;tica, da Funda&ccedil;&atilde;o Brizola-Pasqualini, para novos e antigos filiados.<\/p>\n<p>Ainda na abertura, Lupi explicou que por sugest&atilde;o de Jos&eacute; Bonif&aacute;cio, vice-presidente em exerc&iacute;cio do PDT-RJ, estava propondo a realiza&ccedil;&atilde;o de encontros de diret&oacute;rios municipais nas regi&otilde;es dos Lagos, do Norte Fluminense, do Sul Fluminense e Serrana &ndash; em vez de um &uacute;nico semin&aacute;rio, em janeiro, como foi inicialmente pensado.<\/p>\n<p>&nbsp;Sobre a participa&ccedil;&atilde;o do PDT no governo estadual, destacou a import&acirc;ncia da secretaria de Sa&uacute;de, entregue ao deputado Felipe Peixoto, juntamente com a de Defesa do Consumidor, assumida pela deputada Cidinha Campos. &ldquo;Felipe assumiu uma &aacute;rea dif&iacute;cil, complexa, e n&oacute;s como partido temos que dar todo o apoio e prest&iacute;gio para que fa&ccedil;a uma boa gest&atilde;o&rdquo;, destacou. Na Defesa do Consumidor, a experi&ecirc;ncia de Cidinha facilita a gest&atilde;o.<\/p>\n<p>Lupi observou que a primeira suplente do PDT, vereadora T&acirc;nia Rodrigues, de Niter&oacute;i, dever&aacute; assumir o mandato de deputada no lugar de Cidinha, bastando para isto apenas Tania resolver quest&otilde;es internas com o seu grupo pol&iacute;tico &ndash; j&aacute; que para assumir o mandato de deputada ser&aacute; obrigada a renunciar ao de vereadora.<\/p>\n<p>No plano nacional, Lupi disse que recebeu um telefonema da presidente Dilma Rousseff no final do ano pouco antes da virada, com ela oferecendo ao PDT as pastas da Previd&ecirc;ncia ou do Trabalho. Prevaleceu a continuidade do PDT no Minist&eacute;rio do Trabalho e agora, no final do m&ecirc;s de janeiro, &nbsp;est&aacute; programada reuni&atilde;o dos parlamentares do PDT em Bras&iacute;lia, da C&acirc;mara e do Senado, para discutirem pol&iacute;ticas p&uacute;blicas para o Minist&eacute;rio do Trabalho, al&eacute;m da composi&ccedil;&atilde;o das mesas diretoras das duas casas legislativas.<\/p>\n<p>Lupi tamb&eacute;m fez r&aacute;pido relato do que viu e viveu em Budapeste, Hungria, na semana passada, onde estava de f&eacute;rias, quando ocorreu o atentado em Paris contra o &ldquo;Charlie Hebdo&rdquo;. &nbsp;Criticou a ascens&atilde;o do preconceito contra &aacute;rabes na Europa destacando que, como dizia Nelson Rodrigues, &ldquo;toda unanimidade &eacute; burra&rdquo;. &nbsp;Criticou tamb&eacute;m a decis&atilde;o de ministros do interior da comunidade europeia, deste final de semana, de aumentar o controle nas fronteiras comuns.<\/p>\n<p>Lupi tamb&eacute;m fez ainda uma defesa firme da import&acirc;ncia da Petrobras para a economia brasileira e condenou a sistem&aacute;tica campanha contra ela na m&iacute;dia que levou a desvaloriza&ccedil;&atilde;o das a&ccedil;&otilde;es da empresa embora a Petrobras &ndash; como foi noticiado recentemente &ndash; tenha se tornado a maior empresa de capital aberto&nbsp; do mundo, na produ&ccedil;&atilde;o de petr&oacute;leo &ndash; ultrapassando a Exxon, americana.<\/p>\n<p>&ldquo;O que est&aacute; por tr&aacute;s de tudo isto &eacute; o interesse das multinacionais no pr&eacute;-sal brasileiro, descoberto gra&ccedil;as &agrave; compet&ecirc;ncia da Petrobras, operadora de todos os campos&rdquo;, assinalou.<\/p>\n<p>Oradores inscritos deram continuidade &agrave; reuni&atilde;o, levantando diversos assuntos. O professor Alvaro Bastos, por exemplo, lembrou que na resist&ecirc;ncia contra os nazistas na Fran&ccedil;a, os mu&ccedil;ulmanos tiveram papel destacado a partir da atua&ccedil;&atilde;o do pr&oacute;prio im&atilde; &ndash; colaborador dos comunistas e dos nacionalistas franceses que enfrentaram a ocupa&ccedil;&atilde;o alem&atilde;.<\/p>\n<p>O presidente da JS, Everton Gomes, por sua vez, criticou as medidas recentemente tomadas pela presidente Dilma, de mexer nas normas do seguro-desemprego e da aposentadoria, afetando direitos dos trabalhadores. &ldquo;Essas medidas n&atilde;o foram tomadas pelo Minist&eacute;rio do Trabalho, mas pelos minist&eacute;rios da Fazenda e do Planejamento&rdquo;, frisou, destacando que os trabalhadores n&atilde;o foram ouvidos. &ldquo;N&atilde;o podemos abandonar os ideais trabalhistas&rdquo;, destacou.<\/p>\n<p>Os oradores se multiplicaram, levantando assuntos diversos, como diverg&ecirc;ncias internas no PDT de Duque de Caxias. Entre outros, usaram a palavra Maria Am&eacute;lia Reis; Kiel, de Duque de Caxias; &nbsp;Professora C&acirc;ndida, ex-subsecret&aacute;ria de Educa&ccedil;&atilde;o, tamb&eacute;m de Caxias; o sindicalista Urbano; o tamb&eacute;m sindicalista Djalma, de Belford Roxo; Zezinho, do Movimento Comunit&aacute;rio; Olga Am&eacute;lia, do Mapi e da Federa&ccedil;&atilde;o de Mulheres; Chic&atilde;o; Cacau de Brito; Zoraia Sauer, da A&ccedil;&atilde;o da Mulher Trabalhista e, de novo, Alvaro Bastos.<\/p>\n<p>&Uacute;ltimo inscrito, &Aacute;lvaro analisou a pol&iacute;tica anunciada pelo novo Ministro da Educa&ccedil;&atilde;o, Cid Gomes, defendendo a inclus&atilde;o no curr&iacute;culo de escolas p&uacute;blicas de mais mat&eacute;rias e n&atilde;o a exclus&atilde;o delas, como o novo ministro j&aacute; anunciou que pretende fazer.<\/p>\n<p>&Aacute;lvaro defendeu a federaliza&ccedil;&atilde;o n&atilde;o s&oacute; da Educa&ccedil;&atilde;o, mas &nbsp;tamb&eacute;m da Sa&uacute;de e da Seguran&ccedil;a P&uacute;blica &ndash; e criticou os cortes anunciados para 2015, no or&ccedil;amento da Educa&ccedil;&atilde;o &ndash; j&aacute; que a presidente Dilma disse ao tomar posse que o slogan de seu governo seria &ldquo;Brasil p&aacute;tria educadora&rdquo;. Alvaro fez quest&atilde;o de frisar que apoia e torce por Dilma, mas que o PDT n&atilde;o pode deixar de estar &agrave; esquerda dela.<\/p>\n<p>OM &#8211; Ascom PDT<\/p>\n<!-- AddThis Advanced Settings generic via filter on the_content --><!-- AddThis Share Buttons generic via filter on the_content -->","protected":false},"excerpt":{"rendered":"<p>&ldquo;Temos que redobrar o trabalho de organiza&ccedil;&atilde;o porque o sucesso do partido nas elei&ccedil;&otilde;es de 2016 depende do fortalecimento do PDT agora, em 2015&rdquo;, afirmou Carlos Lupi nesta segunda-feira (13\/1) no Rio de Janeiro, ao presidir a primeira reuni&atilde;o do diret&oacute;rio estadual do PDT-RJ deste ano realizada na sede nacional da Funda&ccedil;&atilde;o Leonel Brizola &ndash;&#8230;<!-- AddThis Advanced Settings generic via filter on wp_trim_excerpt --><!-- AddThis Share Buttons generic via filter on wp_trim_excerpt --><\/p>\n","protected":false},"author":17,"featured_media":36736,"comment_status":"open","ping_status":"open","sticky":false,"template":"","format":"standard","meta":{"_monsterinsights_skip_tracking":false,"_monsterinsights_sitenote_active":false,"_monsterinsights_sitenote_note":"","_monsterinsights_sitenote_category":0,"_uf_show_specific_survey":0,"_uf_disable_surveys":false,"footnotes":""},"categories":[1401],"tags":[],"class_list":["post-36735","post","type-post","status-publish","format-standard","has-post-thumbnail","hentry","category-nacional"],"acf":[],"_links":{"self":[{"href":"https:\/\/pdt-rj.org.br\/index.php\/wp-json\/wp\/v2\/posts\/36735","targetHints":{"allow":["GET"]}}],"collection":[{"href":"https:\/\/pdt-rj.org.br\/index.php\/wp-json\/wp\/v2\/posts"}],"about":[{"href":"https:\/\/pdt-rj.org.br\/index.php\/wp-json\/wp\/v2\/types\/post"}],"author":[{"embeddable":true,"href":"https:\/\/pdt-rj.org.br\/index.php\/wp-json\/wp\/v2\/users\/17"}],"replies":[{"embeddable":true,"href":"https:\/\/pdt-rj.org.br\/index.php\/wp-json\/wp\/v2\/comments?post=36735"}],"version-history":[{"count":0,"href":"https:\/\/pdt-rj.org.br\/index.php\/wp-json\/wp\/v2\/posts\/36735\/revisions"}],"wp:featuredmedia":[{"embeddable":true,"href":"https:\/\/pdt-rj.org.br\/index.php\/wp-json\/wp\/v2\/media\/36736"}],"wp:attachment":[{"href":"https:\/\/pdt-rj.org.br\/index.php\/wp-json\/wp\/v2\/media?parent=36735"}],"wp:term":[{"taxonomy":"category","embeddable":true,"href":"https:\/\/pdt-rj.org.br\/index.php\/wp-json\/wp\/v2\/categories?post=36735"},{"taxonomy":"post_tag","embeddable":true,"href":"https:\/\/pdt-rj.org.br\/index.php\/wp-json\/wp\/v2\/tags?post=36735"}],"curies":[{"name":"wp","href":"https:\/\/api.w.org\/{rel}","templated":true}]}}