{"id":3667,"date":"2011-02-17T20:35:47","date_gmt":"2011-02-17T22:35:47","guid":{"rendered":"http:\/\/pdt-rj.org.br\/index.php\/ministro-luiz-sergio-cabeca-de-lupi-nunca-esteve-a-premio"},"modified":"2011-02-17T20:35:47","modified_gmt":"2011-02-17T22:35:47","slug":"ministro-luiz-sergio-cabeca-de-lupi-nunca-esteve-a-premio","status":"publish","type":"post","link":"https:\/\/pdt-rj.org.br\/index.php\/ministro-luiz-sergio-cabeca-de-lupi-nunca-esteve-a-premio\/","title":{"rendered":"Ministro Luiz S\u00e9rgio: &#8220;Cabe\u00e7a de Lupi nunca esteve a pr\u00eamio&#8221;"},"content":{"rendered":"<p>O ministro das Rela&ccedil;&otilde;es Institucionais, Luiz S&eacute;rgio,  evitou hoje falar em puni&ccedil;&atilde;o aos deputados dissidentes que votaram  contra a proposta do governo para o reajuste do sal&aacute;rio m&iacute;nimo. Ele  lembrou que houve dissidentes em muitas bancadas, incluindo a do PT, e  que este assunto n&atilde;o tem de ser discutido no Executivo, mas nas  bancadas. &#8220;Eu espero que as bancadas possam se reunir, debater a quest&atilde;o  da dissid&ecirc;ncia e encaminhar. &Eacute; muito mais uma quest&atilde;o das bancadas do  que do governo&#8221;, avaliou, em entrevista no Pal&aacute;cio do Planalto na tarde  de hoje.<\/p>\n<p>Questionado se haveria advert&ecirc;ncia aos dissidentes, o ministro  respondeu: &#8220;As bancadas dar&atilde;o os encaminhamentos que julgarem  pertinentes, mas este &eacute; um debate que deve ser feito pelas bancadas. A  bancada do PT e as bancadas devem debater esta quest&atilde;o porque n&atilde;o &eacute; bom  que haja dissid&ecirc;ncias, principalmente na bancada do partido da  presidente da Rep&uacute;blica&#8221;.<\/p>\n<p>Luiz S&eacute;rgio disse que a cabe&ccedil;a do ministro do Trabalho, Carlos Lupi,  &#8220;nunca esteve a pr&ecirc;mio&#8221; e lembrou que a maior parte do PDT, partido do  ministro Lupi, votou com o governo. O PDT, apesar de ser um partido da  base de apoio do governo, liberou ontem a bancada para a vota&ccedil;&atilde;o e o  deputado Paulo Pereira da Silva (PDT-SP), o Paulinho da For&ccedil;a Sindical,  defendeu emenda propondo o valor de R$ 560,00 para o m&iacute;nimo.<\/p>\n<p>O ministro fez quest&atilde;o de ressaltar que as primeiras palavras da  presidente Dilma Rousseff, ap&oacute;s a vota&ccedil;&atilde;o de ontem pela C&acirc;mara, foram de  agradecimento aos votos recebidos, lembrando que os parlamentares est&atilde;o  ajudando a construir o primeiro passo e que espera que o Senado  corresponda da mesma forma que a C&acirc;mara.<\/p>\n<p>&#8220;O resultado da vota&ccedil;&atilde;o foi importante para o governo e para o Pa&iacute;s  porque se estabeleceu uma pol&iacute;tica de sal&aacute;rio m&iacute;nimo at&eacute; 2015, o que d&aacute;  estabilidade, confiabilidade e expressa seriedade do governo com as  contas p&uacute;blicas. E isso &eacute; bom, seguro para o Pa&iacute;s&#8221;, disse. &#8220;A presidente  ficou contente, alegre e satisfeita com a base aliada e quer agradecer  porque correspondeu &agrave; expectativa do Pa&iacute;s de que n&oacute;s possamos garantir a  estabilidade, o crescimento econ&ocirc;mico e a gera&ccedil;&atilde;o de empregos.&#8221;<\/p>\n<p>Estad\u00e3o<\/p>\n<!-- AddThis Advanced Settings generic via filter on the_content --><!-- AddThis Share Buttons generic via filter on the_content -->","protected":false},"excerpt":{"rendered":"<p>O ministro das Rela&ccedil;&otilde;es Institucionais, Luiz S&eacute;rgio, evitou hoje falar em puni&ccedil;&atilde;o aos deputados dissidentes que votaram contra a proposta do governo para o reajuste do sal&aacute;rio m&iacute;nimo. Ele lembrou que houve dissidentes em muitas bancadas, incluindo a do PT, e que este assunto n&atilde;o tem de ser discutido no Executivo, mas nas bancadas. &#8220;Eu&#8230;<!-- AddThis Advanced Settings generic via filter on wp_trim_excerpt --><!-- AddThis Share Buttons generic via filter on wp_trim_excerpt --><\/p>\n","protected":false},"author":17,"featured_media":3668,"comment_status":"open","ping_status":"open","sticky":false,"template":"","format":"standard","meta":{"_monsterinsights_skip_tracking":false,"_monsterinsights_sitenote_active":false,"_monsterinsights_sitenote_note":"","_monsterinsights_sitenote_category":0,"_uf_show_specific_survey":0,"_uf_disable_surveys":false,"footnotes":""},"categories":[1401],"tags":[196,38],"class_list":["post-3667","post","type-post","status-publish","format-standard","has-post-thumbnail","hentry","category-nacional","tag-carlos-lupi","tag-pdt"],"acf":[],"_links":{"self":[{"href":"https:\/\/pdt-rj.org.br\/index.php\/wp-json\/wp\/v2\/posts\/3667","targetHints":{"allow":["GET"]}}],"collection":[{"href":"https:\/\/pdt-rj.org.br\/index.php\/wp-json\/wp\/v2\/posts"}],"about":[{"href":"https:\/\/pdt-rj.org.br\/index.php\/wp-json\/wp\/v2\/types\/post"}],"author":[{"embeddable":true,"href":"https:\/\/pdt-rj.org.br\/index.php\/wp-json\/wp\/v2\/users\/17"}],"replies":[{"embeddable":true,"href":"https:\/\/pdt-rj.org.br\/index.php\/wp-json\/wp\/v2\/comments?post=3667"}],"version-history":[{"count":0,"href":"https:\/\/pdt-rj.org.br\/index.php\/wp-json\/wp\/v2\/posts\/3667\/revisions"}],"wp:featuredmedia":[{"embeddable":true,"href":"https:\/\/pdt-rj.org.br\/index.php\/wp-json\/wp\/v2\/media\/3668"}],"wp:attachment":[{"href":"https:\/\/pdt-rj.org.br\/index.php\/wp-json\/wp\/v2\/media?parent=3667"}],"wp:term":[{"taxonomy":"category","embeddable":true,"href":"https:\/\/pdt-rj.org.br\/index.php\/wp-json\/wp\/v2\/categories?post=3667"},{"taxonomy":"post_tag","embeddable":true,"href":"https:\/\/pdt-rj.org.br\/index.php\/wp-json\/wp\/v2\/tags?post=3667"}],"curies":[{"name":"wp","href":"https:\/\/api.w.org\/{rel}","templated":true}]}}