{"id":36649,"date":"2014-12-18T10:46:44","date_gmt":"2014-12-18T12:46:44","guid":{"rendered":"http:\/\/pdt-rj.org.br\/index.php\/lupi-prestigia-diplomacao-da-vice-governadora-da-paraiba-dra-ligia-do-pdt\/"},"modified":"2014-12-18T10:46:44","modified_gmt":"2014-12-18T12:46:44","slug":"lupi-prestigia-diplomacao-da-vice-governadora-da-paraiba-dra-ligia-do-pdt","status":"publish","type":"post","link":"https:\/\/pdt-rj.org.br\/index.php\/lupi-prestigia-diplomacao-da-vice-governadora-da-paraiba-dra-ligia-do-pdt\/","title":{"rendered":"Lupi prestigia diploma\u00e7\u00e3o da vice-governadora da Para\u00edba, Dra. L\u00edgia, do PDT"},"content":{"rendered":"<p>O presidente nacional do PDT, Carlos Lupi, participou nesta quarta-feira (17\/12) em Jo&atilde;o Pessoa, da cerim&ocirc;nia de diploma&ccedil;&atilde;o da vice-governadora eleita da Para&iacute;ba, L&iacute;gia Feliciano (PDT) (foto, a direita), e do governador, Ricardo Coutinho (PSB), realizada no Teatro Paulo Pontes, do Espa&ccedil;o Cultural de Jo&atilde;o Pessoa, promovida pelo TRE local. Na mesma cerim&ocirc;nia tamb&eacute;m foram diplomados 12 deputados federais, entre eles Dami&atilde;o Feliciano (PDT), tamb&eacute;m presidente do partido no estado; &nbsp;36 deputados estaduais e o senador Jos&eacute; Maranh&atilde;o.<\/p>\n<p>Representando os eleitos e diplomados, o governador Ricardo Coutinho disse que a diploma&ccedil;&atilde;o pela segunda vez como governador representa &ldquo;um momento muito especial&rdquo; e agradeceu ao povo da Para&iacute;ba e &agrave; sua milit&acirc;ncia pela sua reelei&ccedil;&atilde;o ao lado da m&eacute;dica L&iacute;gia Feliciano.<\/p>\n<p>&nbsp;&#8220;N&atilde;o poderia perder a oportunidade que Deus e o povo me deram em 2010 de fazer as mudan&ccedil;as necess&aacute;rias para desenvolver o Estado e neste processo fomos muito combatidos por diversos segmentos, mas em outras esferas a popula&ccedil;&atilde;o percebeu como o Estado estava sendo administrado e tocado. Essa honra eu buscarei estar &agrave; altura todos os dias deste novo mandato&#8221;, ressaltou. Disse tamb&eacute;m que neste segundo mandato espera fazer com que a Para&iacute;ba continue crescendo acima da m&eacute;dia nacional.<\/p>\n<p>A vice-governadora eleita, L&iacute;gia Feliciano, afirmou por sua vez que est&aacute; pronta para contribuir na do Estado: &#8220;Quero ajudar ao governador Ricardo Coutinho a fazer o melhor governo da hist&oacute;ria da Para&iacute;ba. Serei &nbsp;uma vice atuante, parceira e estou pronta para discutir os problemas e buscar solu&ccedil;&otilde;es para o Estado&#8221;, completou.<\/p>\n<p>OM &#8211; Jornal da Para\u00edba<\/p>\n<!-- AddThis Advanced Settings generic via filter on the_content --><!-- AddThis Share Buttons generic via filter on the_content -->","protected":false},"excerpt":{"rendered":"<p>O presidente nacional do PDT, Carlos Lupi, participou nesta quarta-feira (17\/12) em Jo&atilde;o Pessoa, da cerim&ocirc;nia de diploma&ccedil;&atilde;o da vice-governadora eleita da Para&iacute;ba, L&iacute;gia Feliciano (PDT) (foto, a direita), e do governador, Ricardo Coutinho (PSB), realizada no Teatro Paulo Pontes, do Espa&ccedil;o Cultural de Jo&atilde;o Pessoa, promovida pelo TRE local. Na mesma cerim&ocirc;nia tamb&eacute;m foram&#8230;<!-- AddThis Advanced Settings generic via filter on wp_trim_excerpt --><!-- AddThis Share Buttons generic via filter on wp_trim_excerpt --><\/p>\n","protected":false},"author":17,"featured_media":36650,"comment_status":"open","ping_status":"open","sticky":false,"template":"","format":"standard","meta":{"_monsterinsights_skip_tracking":false,"_monsterinsights_sitenote_active":false,"_monsterinsights_sitenote_note":"","_monsterinsights_sitenote_category":0,"_uf_show_specific_survey":0,"_uf_disable_surveys":false,"footnotes":""},"categories":[1402,1401],"tags":[],"class_list":["post-36649","post","type-post","status-publish","format-standard","has-post-thumbnail","hentry","category-cidades","category-nacional"],"acf":[],"_links":{"self":[{"href":"https:\/\/pdt-rj.org.br\/index.php\/wp-json\/wp\/v2\/posts\/36649","targetHints":{"allow":["GET"]}}],"collection":[{"href":"https:\/\/pdt-rj.org.br\/index.php\/wp-json\/wp\/v2\/posts"}],"about":[{"href":"https:\/\/pdt-rj.org.br\/index.php\/wp-json\/wp\/v2\/types\/post"}],"author":[{"embeddable":true,"href":"https:\/\/pdt-rj.org.br\/index.php\/wp-json\/wp\/v2\/users\/17"}],"replies":[{"embeddable":true,"href":"https:\/\/pdt-rj.org.br\/index.php\/wp-json\/wp\/v2\/comments?post=36649"}],"version-history":[{"count":0,"href":"https:\/\/pdt-rj.org.br\/index.php\/wp-json\/wp\/v2\/posts\/36649\/revisions"}],"wp:featuredmedia":[{"embeddable":true,"href":"https:\/\/pdt-rj.org.br\/index.php\/wp-json\/"}],"wp:attachment":[{"href":"https:\/\/pdt-rj.org.br\/index.php\/wp-json\/wp\/v2\/media?parent=36649"}],"wp:term":[{"taxonomy":"category","embeddable":true,"href":"https:\/\/pdt-rj.org.br\/index.php\/wp-json\/wp\/v2\/categories?post=36649"},{"taxonomy":"post_tag","embeddable":true,"href":"https:\/\/pdt-rj.org.br\/index.php\/wp-json\/wp\/v2\/tags?post=36649"}],"curies":[{"name":"wp","href":"https:\/\/api.w.org\/{rel}","templated":true}]}}