{"id":36505,"date":"2014-11-28T17:49:45","date_gmt":"2014-11-28T19:49:45","guid":{"rendered":"http:\/\/pdt-rj.org.br\/index.php\/maria-jose-latge-e-reeleita-presidente-do-mapi-pdt\/"},"modified":"2017-04-28T15:52:43","modified_gmt":"2017-04-28T18:52:43","slug":"maria-jose-latge-e-reeleita-presidente-do-mapi-pdt","status":"publish","type":"post","link":"https:\/\/pdt-rj.org.br\/index.php\/maria-jose-latge-e-reeleita-presidente-do-mapi-pdt\/","title":{"rendered":"Maria Jos\u00e9 Latg\u00e9 \u00e9 reeleita presidente do Mapi-PDT"},"content":{"rendered":"<p>O Movimento de Aposentados, Pensionistas e Idosos do\u00a0PDT (Mapi) realizou nesta sexta-feira (28) a sua conven\u00e7\u00e3o nacional no Rio de Janeiro reelegendo, em chapa \u00fanica, Maria Jos\u00e9 Latg\u00e9 Kwamme (foto) para a presid\u00eancia e, tamb\u00e9m, a nova diretoria executiva do Movimento. Antes da elei\u00e7\u00e3o, realizada no audit\u00f3rio da Funda\u00e7\u00e3o Leonel Brizola \u2013 Alberto Pasqualini, na Pra\u00e7a Tiradentes, houve um almo\u00e7o de confraterniza\u00e7\u00e3o que reuniu militantes do movimento procedentes dos estados e os que moram no Rio de Janeiro.<\/p>\n<p>A chapa \u00fanica, denominada \u201cBrizola, Sempre\u201d, teve como presidentes de honra\u00a0<em>in memoriam<\/em>\u00a0Leonel Brizola, Neusa Brizola e Cibilis Vianna.<\/p>\n<p>Outro homenageado foi o tesoureiro-adjunto do Diret\u00f3rio Nacional do Partido, professor Francisco Loureiro, tamb\u00e9m tesoureiro do PDT-RJ.<\/p>\n<p>Foram eleitos, para a\u00a0<strong>Dire\u00e7\u00e3o Executiva &#8211;<\/strong><strong>\u00a0<\/strong>Presidente: Maria Jos\u00e9 Latg\u00e9 Kwamme;<\/p>\n<p>Vice-presidente: Alderico Alves Sena; Secretaria-Geral: Olga Am\u00e9lia S. Telles \u2013 Alex Fabiane Correa; Tesouraria: Luiz da Silva Oliveira \u2013 Vicente Ripoll Machado; Secretaria Jur\u00eddica: Mara de F\u00e1tima Hofans \u2013 Rui Barbosa de Souza; Secretaria de Comunica\u00e7\u00e3o: Apio Gomes \u2013 Lu\u00eds Carlos da Ponte; e Vogal: Jos\u00e9 Tarc\u00edsio Nogueira.<\/p>\n<p>Para o\u00a0<strong>Conselho de \u00c9tica,<\/strong><strong>\u00a0<\/strong>foram escolhidos:<strong>\u00a0<\/strong>\u00a0Adail Ivan de Lemos (Presidente); Ionne Groff \u2013 Osvaldo Maneschy; Carlos Jaime Nascimento; C\u00e9lia Rocha Lupi e Gennaro Portugal Ciotolla.\u00a0 Os novos integrantes do\u00a0<strong>Conselho Fiscal<\/strong><strong>\u00a0<\/strong>s\u00e3o: Elma Cerqueira de La Fuente (Presidente); Carolino Gomes dos Santos; Ivana Groff; \u00a0Jos\u00e9 Raimundo Tavares; Sady Henrique Chaves Motta.<\/p>\n<p>O\u00a0<strong>Conselho Cultural<\/strong>\u00a0ser\u00e1 integrado por: Jos\u00e9 Raymundo Romeo (Presidente); Emmanuel B. F. Viegas; Francisco C. Leite Filho; Jorge Ferrari; Luiz S\u00e9rgio Caldieri; e Laurinda M. Barbosa. E o\u00a0<strong>Conselho Previdenci\u00e1rio<\/strong>\u00a0ser\u00e1 assim formado: Franklin de Almeida Palmeira (Presidente); Elinor Brun; Francisco Mendes Soares (Chic\u00e3o); Lu\u00eds Eduardo S. Maciel; Jorge Teixeira e Jos\u00e9 Antonio Fortuna Nogueira (Barroco).<\/p>\n<p>Foram eleitos opara o\u00a0<strong>Conselho Pol\u00edtico<\/strong>: Trajano Ricardo M. Ribeiro (Presidente); \u00a0Alzira Leite; Antonio H. Albuquerque Filho; Antonio Prudente de Oliveira; Arildo Teles; Edir In\u00e1cio da Silva; Eduardo Chuahy; Humberto Mattos de Assump\u00e7\u00e3o; Jorge Lu\u00eds Gasco (Mariola); Jos\u00e9 Augusto Ribeiro; Juli\u00e3o Amin e Ney Ortiz Borges.<\/p>\n<!-- AddThis Advanced Settings generic via filter on the_content --><!-- AddThis Share Buttons generic via filter on the_content -->","protected":false},"excerpt":{"rendered":"<p>O Movimento de Aposentados, Pensionistas e Idosos do\u00a0PDT (Mapi) realizou nesta sexta-feira (28) a sua conven\u00e7\u00e3o nacional no Rio de Janeiro reelegendo, em chapa \u00fanica, Maria Jos\u00e9 Latg\u00e9 Kwamme (foto) para a presid\u00eancia e, tamb\u00e9m, a nova diretoria executiva do Movimento. Antes da elei\u00e7\u00e3o, realizada no audit\u00f3rio da Funda\u00e7\u00e3o Leonel Brizola \u2013 Alberto Pasqualini, na&#8230;<!-- AddThis Advanced Settings generic via filter on wp_trim_excerpt --><!-- AddThis Share Buttons generic via filter on wp_trim_excerpt --><\/p>\n","protected":false},"author":17,"featured_media":36506,"comment_status":"closed","ping_status":"closed","sticky":false,"template":"","format":"standard","meta":{"_monsterinsights_skip_tracking":false,"_monsterinsights_sitenote_active":false,"_monsterinsights_sitenote_note":"","_monsterinsights_sitenote_category":0,"_uf_show_specific_survey":0,"_uf_disable_surveys":false,"footnotes":""},"categories":[1588,1397],"tags":[2263,565,592,2276,637],"class_list":["post-36505","post","type-post","status-publish","format-standard","has-post-thumbnail","hentry","category-mapi","category-movimentos","tag-juliao-amin","tag-leonel-brizola","tag-mapi","tag-maria-jose-latge-kwamme","tag-movimento-dos-aposentados-e-pensionistas-do-pdt"],"acf":[],"_links":{"self":[{"href":"https:\/\/pdt-rj.org.br\/index.php\/wp-json\/wp\/v2\/posts\/36505","targetHints":{"allow":["GET"]}}],"collection":[{"href":"https:\/\/pdt-rj.org.br\/index.php\/wp-json\/wp\/v2\/posts"}],"about":[{"href":"https:\/\/pdt-rj.org.br\/index.php\/wp-json\/wp\/v2\/types\/post"}],"author":[{"embeddable":true,"href":"https:\/\/pdt-rj.org.br\/index.php\/wp-json\/wp\/v2\/users\/17"}],"replies":[{"embeddable":true,"href":"https:\/\/pdt-rj.org.br\/index.php\/wp-json\/wp\/v2\/comments?post=36505"}],"version-history":[{"count":4,"href":"https:\/\/pdt-rj.org.br\/index.php\/wp-json\/wp\/v2\/posts\/36505\/revisions"}],"predecessor-version":[{"id":53731,"href":"https:\/\/pdt-rj.org.br\/index.php\/wp-json\/wp\/v2\/posts\/36505\/revisions\/53731"}],"wp:featuredmedia":[{"embeddable":true,"href":"https:\/\/pdt-rj.org.br\/index.php\/wp-json\/wp\/v2\/media\/36506"}],"wp:attachment":[{"href":"https:\/\/pdt-rj.org.br\/index.php\/wp-json\/wp\/v2\/media?parent=36505"}],"wp:term":[{"taxonomy":"category","embeddable":true,"href":"https:\/\/pdt-rj.org.br\/index.php\/wp-json\/wp\/v2\/categories?post=36505"},{"taxonomy":"post_tag","embeddable":true,"href":"https:\/\/pdt-rj.org.br\/index.php\/wp-json\/wp\/v2\/tags?post=36505"}],"curies":[{"name":"wp","href":"https:\/\/api.w.org\/{rel}","templated":true}]}}