{"id":35367,"date":"2014-02-02T07:52:11","date_gmt":"2014-02-02T09:52:11","guid":{"rendered":"http:\/\/pdt-rj.org.br\/index.php\/movimentos-do-pdt-rj-se-reunem-com-lupi-na-sede-da-fundacao\/"},"modified":"2017-01-18T16:34:53","modified_gmt":"2017-01-18T18:34:53","slug":"movimentos-do-pdt-rj-se-reunem-com-lupi-na-sede-da-fundacao","status":"publish","type":"post","link":"https:\/\/pdt-rj.org.br\/index.php\/movimentos-do-pdt-rj-se-reunem-com-lupi-na-sede-da-fundacao\/","title":{"rendered":"Movimentos do PDT-RJ se re\u00fanem com Lupi na sede da Funda\u00e7\u00e3o"},"content":{"rendered":"<p>O presidente nacional do PDT, Carlos Lupi, tamb\u00e9m presidente do PDT-RJ, se reuniu na \u00faltima sexta-feira (31\/1) na sede da Funda\u00e7\u00e3o Leonel Brizola &#8211; Alberto Pasqualini (FLB-AP), no Centro da cidade, \u00a0com os presidentes \u00a0dos movimentos partid\u00e1rios que atuam no \u00a0Rio para discutir detalhes para a realiza\u00e7\u00e3o do grande encontro dos movimentos sociais do PDT-RJ programado para o pr\u00f3ximo dia 6 de fevereiro, quinta-feira que vem.<\/p>\n<p><span style=\"font-size: 10px;\">Participaram da reuni\u00e3o (foto) os presidentes da JS-PDT , Everton Gomes;\u00a0 a presidente do Mapi \u00a0(movimento dos idosos), \u00a0Maria Jos\u00e9 Latge,; a presidente da A\u00e7\u00e3o da Mulher Trabalhista, \u00a0Zoraia Sauer; o \u00a0presidente do Movimento Negro, \u00a0Luiz Eduardo; e \u00a0M\u00e1rcia Garcia, que est\u00e1 ajudando a organizar o Movimento Sindical.<\/span><\/p>\n<p><span style=\"font-size: 10px;\">A reuni\u00e3o do pr\u00f3ximo dia 6, segundo Everton, \u201cpretende reunir \u00a0ativistas dos diversos \u00a0segmentos trabalhistas do estado al\u00e9m de apresentar novos militantes rec\u00e9m filiados \u00e0 nossa sigla\u201d. \u00a0O encontro \u00a0com Lupi, segundo Everton, \u201d foi um bate-papo bastante descontra\u00eddo\u201d, onde os presentes tamb\u00e9m levantaram \u00a0quest\u00f5es relacionadas \u00a0ao processo eleitoral que se aproxima , apresentando avalia\u00e7\u00f5es.<\/span><\/p>\n<p><span style=\"font-size: 10px;\">Na pr\u00f3xima semana os presidentes se reencontrar\u00e3o para finalizar os preparativos para o ato \u201cque dever\u00e1 contar com maci\u00e7a presen\u00e7a de militantes\u201d, segundo Everton.\u00a0 Ainda no encontro, , unanimemente, os presidentes dos movimentos prestaram solidariedade a Lupi por conta dos recentes ataques que sofreu atrav\u00e9s de \u00a0uma revista semanal.<\/span><\/p>\n<p>OM &#8211; Ascom PDT<\/p>\n<!-- AddThis Advanced Settings generic via filter on the_content --><!-- AddThis Share Buttons generic via filter on the_content -->","protected":false},"excerpt":{"rendered":"<p>O presidente nacional do PDT, Carlos Lupi, tamb\u00e9m presidente do PDT-RJ, se reuniu na \u00faltima sexta-feira (31\/1) na sede da Funda\u00e7\u00e3o Leonel Brizola &#8211; Alberto Pasqualini (FLB-AP), no Centro da cidade, \u00a0com os presidentes \u00a0dos movimentos partid\u00e1rios que atuam no \u00a0Rio para discutir detalhes para a realiza\u00e7\u00e3o do grande encontro dos movimentos sociais do PDT-RJ&#8230;<!-- AddThis Advanced Settings generic via filter on wp_trim_excerpt --><!-- AddThis Share Buttons generic via filter on wp_trim_excerpt --><\/p>\n","protected":false},"author":17,"featured_media":35368,"comment_status":"open","ping_status":"open","sticky":false,"template":"","format":"standard","meta":{"_monsterinsights_skip_tracking":false,"_monsterinsights_sitenote_active":false,"_monsterinsights_sitenote_note":"","_monsterinsights_sitenote_category":0,"_uf_show_specific_survey":0,"_uf_disable_surveys":false,"footnotes":""},"categories":[1402,1397,1401],"tags":[],"class_list":["post-35367","post","type-post","status-publish","format-standard","has-post-thumbnail","hentry","category-cidades","category-movimentos","category-nacional"],"acf":[],"_links":{"self":[{"href":"https:\/\/pdt-rj.org.br\/index.php\/wp-json\/wp\/v2\/posts\/35367","targetHints":{"allow":["GET"]}}],"collection":[{"href":"https:\/\/pdt-rj.org.br\/index.php\/wp-json\/wp\/v2\/posts"}],"about":[{"href":"https:\/\/pdt-rj.org.br\/index.php\/wp-json\/wp\/v2\/types\/post"}],"author":[{"embeddable":true,"href":"https:\/\/pdt-rj.org.br\/index.php\/wp-json\/wp\/v2\/users\/17"}],"replies":[{"embeddable":true,"href":"https:\/\/pdt-rj.org.br\/index.php\/wp-json\/wp\/v2\/comments?post=35367"}],"version-history":[{"count":1,"href":"https:\/\/pdt-rj.org.br\/index.php\/wp-json\/wp\/v2\/posts\/35367\/revisions"}],"predecessor-version":[{"id":52333,"href":"https:\/\/pdt-rj.org.br\/index.php\/wp-json\/wp\/v2\/posts\/35367\/revisions\/52333"}],"wp:featuredmedia":[{"embeddable":true,"href":"https:\/\/pdt-rj.org.br\/index.php\/wp-json\/wp\/v2\/media\/35368"}],"wp:attachment":[{"href":"https:\/\/pdt-rj.org.br\/index.php\/wp-json\/wp\/v2\/media?parent=35367"}],"wp:term":[{"taxonomy":"category","embeddable":true,"href":"https:\/\/pdt-rj.org.br\/index.php\/wp-json\/wp\/v2\/categories?post=35367"},{"taxonomy":"post_tag","embeddable":true,"href":"https:\/\/pdt-rj.org.br\/index.php\/wp-json\/wp\/v2\/tags?post=35367"}],"curies":[{"name":"wp","href":"https:\/\/api.w.org\/{rel}","templated":true}]}}