{"id":34967,"date":"2013-11-01T10:00:00","date_gmt":"2013-11-01T12:00:00","guid":{"rendered":"http:\/\/pdt-rj.org.br\/index.php\/lupi-em-brasilia-lado-do-pdt-e-o-lado-em-que-o-povo-esta\/"},"modified":"2013-11-01T10:00:00","modified_gmt":"2013-11-01T12:00:00","slug":"lupi-em-brasilia-lado-do-pdt-e-o-lado-em-que-o-povo-esta","status":"publish","type":"post","link":"https:\/\/pdt-rj.org.br\/index.php\/lupi-em-brasilia-lado-do-pdt-e-o-lado-em-que-o-povo-esta\/","title":{"rendered":"Lupi em Bras\u00edlia: &#8220;Lado do PDT \u00e9 o lado em que o povo est\u00e1&#8221;"},"content":{"rendered":"<p>&ldquo;Aprendi com Leonel de Moura Brizola que o lado do PDT &eacute; o lado em que o povo est&aacute;; e que este Partido jamais ser&aacute; de direita porque temos hist&oacute;ria, temos causa e somos transparentes&rdquo;, afirmou o presidente nacional do PDT, Carlos Lupi, em forma de desabafo, na reuni&atilde;o realizada em Bras&iacute;lia nesta quinta-feira (31\/10) com as dire&ccedil;&otilde;es estaduais do PDT dos 27 estados da Federa&ccedil;&atilde;o e, tamb&eacute;m, com os integrantes das bancadas do Partido no Senado e na C&acirc;mara Federal. O encontro, na sede nacional do PDT, foi convocado para analisar o momento pol&iacute;tico nacional e as perspectivas diante das elei&ccedil;&otilde;es gerais de 2014. (<strong>Foto Alexandre Amarante<\/strong>)<\/p>\n<p>&ldquo;H&aacute; 10 anos presido o PDT e n&atilde;o conhe&ccedil;o nenhum presidente de partido que fa&ccedil;a o que fa&ccedil;o, porque coloquei como tarefa da minha vida manter a espinha dorsal do PDT de p&eacute;, tendo a consci&ecirc;ncia de que, para andar para frente, &agrave;s vezes, vamos um pouco para a direita ou para a esquerda, mas sem jamais desviar do objetivo principal, que &eacute; construir um projeto verdadeiro de Na&ccedil;&atilde;o, tendo como eixos centrais a educa&ccedil;&atilde;o e o trabalho&rdquo;, acrescentou.<\/p>\n<p>O encontro da Executiva nacional com as dire&ccedil;&otilde;es estaduais, mais os parlamentares, durou cerca de quatro horas e foi aberto por Lupi, que fez um balan&ccedil;o geral da situa&ccedil;&atilde;o pol&iacute;tica do pa&iacute;s, diante das elei&ccedil;&otilde;es presidenciais do ano que vem, destacando que o momento ainda n&atilde;o &eacute; de decis&otilde;es, mas o de se tomar p&eacute; da situa&ccedil;&atilde;o.<\/p>\n<p>Ele tamb&eacute;m recomendou que cada um dos estados estruture a dire&ccedil;&atilde;o local da Funda&ccedil;&atilde;o Leonel Brizola-Alberto Pasqualini (FLB-AP) para implementar a forma&ccedil;&atilde;o de quadros pol&iacute;ticos, atrav&eacute;s dos cursos da Universidade aberta Leonel Brizola e, tamb&eacute;m, da R&aacute;dio Legalidade &ndash; a r&aacute;dio web do PDT, presente j&aacute; em diversos estados.<\/p>\n<p>Em sua opini&atilde;o, o momento pol&iacute;tico brasileiro &ldquo;&eacute; rico e delicado&rdquo;; o PDT deve construir candidaturas pr&oacute;prias &ndash; mas tamb&eacute;m vi&aacute;veis, e sempre dentro da linha program&aacute;tica pedetista, para defender a escola em tempo integral, para defender os direitos dos trabalhadores. &#8220;Temos que aplicar as pol&iacute;ticas que nos diferenciem dos demais partidos; temos que ser mais profundos; temos que aprofundar a discuss&atilde;o do petr&oacute;leo, da &aacute;gua; temos que puxar o governo para a esquerda, porque ainda morrem crian&ccedil;as para que seja paga a d&iacute;vida. Temos que discutir essas quest&otilde;es com profundidade; sem teatro&rdquo;.<\/p>\n<p>Lupi continuou: &ldquo;A melhor forma de distribuir renda &eacute; o aumento dos sal&aacute;rios; temos que discutir o Bolsa Fam&iacute;lia, mas sabendo que saco vazio n&atilde;o fica em p&eacute;; temos que nos lembrar que Get&uacute;lio deu um tiro no cora&ccedil;&atilde;o n&atilde;o foi porque queria se manter no poder, mas foi para dizer que n&atilde;o aceitava o golpe; temos que discutir programas &ndash; n&atilde;o pensem que, porque fui jornaleiro, n&atilde;o sei o que o povo quer. Vamos discutir nosso futuro com transpar&ecirc;ncia, mas com causas; o povo &eacute; a nossa b&uacute;ssola, temos que estar onde ele est&aacute;&rdquo;.<\/p>\n<p>Logo no in&iacute;cio da reuni&atilde;o, que come&ccedil;ou pontualmente &agrave;s 10 da manh&atilde;, Lupi revelou aos presentes que a dire&ccedil;&atilde;o do Partido est&aacute; tomando as provid&ecirc;ncias necess&aacute;rias para conseguir a escritura definitiva do terreno onde est&aacute; instalada a sede nacional, porque a id&eacute;ia &eacute; firmar parceria &ndash; com autoriza&ccedil;&atilde;o do Diret&oacute;rio Nacional &ndash; para construir uma nova e ampla sede para o Partido no local, &aacute;rea privilegiada de Bras&iacute;lia. Lupi tamb&eacute;m submeteu ao plen&aacute;rio, que foi aprovada, a proposta de que o teto da reuni&atilde;o fosse 13 horas, intercalando as interven&ccedil;&otilde;es de dirigentes partid&aacute;rios com as dos parlamentares.<\/p>\n<p>Ainda na abertura, Lupi nominou um por um os presidentes das se&ccedil;&otilde;es estaduais da Funda&ccedil;&atilde;o Leonel Brizola, fazendo um apelo aos presidentes dos diret&oacute;rios estaduais para que, no prazo m&aacute;ximo de 30 dias, designassem &ndash; ouvidas as respectivas dire&ccedil;&otilde;es e tamb&eacute;m os movimentos partid&aacute;rios organizados &ndash; as dire&ccedil;&otilde;es das se&ccedil;&otilde;es estaduais da Funda&ccedil;&atilde;o Brizola&ndash;Alberto Pasqualini, onde elas n&atilde;o existem. &ldquo;A forma&ccedil;&atilde;o de quadros, e o conhecimento de nossas lutas e de nossa hist&oacute;ria, s&atilde;o fundamentais&rdquo;. Lupi distribuiu aos presentes um relat&oacute;rio sobre as atividades da Funda&ccedil;&atilde;o e dos cursos promovidos pela ULB-AP.<\/p>\n<p>&ldquo;&Eacute; muito importante o funcionamento da Funda&ccedil;&atilde;o e tamb&eacute;m da R&aacute;dio Legalidade. Temos que estar sintonizados; precisamos nos defender das leviandades. Precisamos fazer circular a informa&ccedil;&atilde;o entre n&oacute;s, tamb&eacute;m atrav&eacute;s da p&aacute;gina do Partido na Internet. Na r&aacute;dio, temos que ter programas relatando as a&ccedil;&otilde;es dos movimentos: da mulher, dos jovens, do movimento sindical, das mulheres, dos negros, dos idosos e pensionistas. Temos que usar a r&aacute;dio para criar v&iacute;nculos&rdquo;.<\/p>\n<p>Lupi explicou que o objetivo do encontro tamb&eacute;m era para ouvir cada um dos estados sobre as negocia&ccedil;&otilde;es em andamento. &ldquo;Queremos ouvir cada estado na forma&ccedil;&atilde;o de seu palanque para que possamos formatar o palanque nacional&rdquo;, observou. Deixou claro que o PDT faz parte do Governo Dilma, e que para apoiar uma outra proposta, &ldquo;s&oacute; se ela estiver mais a esquerda e represente mais direitos e mais conquistas sociais&rdquo;.<\/p>\n<p>O PDT vai se definir, no plano nacional, deixou claro, s&oacute; o ano que vem. Antes, precisa montar os palanques estaduais porque &ldquo;se nos anteciparmos, poderemos nos atrapalhar&rdquo;.<\/p>\n<p>&ndash; Temos que priorizar os estados, principalmente onde temos boas perspectivas eleitorais, como no Rio Grande do Sul, Bahia, Bras&iacute;lia, Mato Grosso e outros, em que estaremos disputando os governos. Fizemos um grande congresso, temos propostas a apresentar a sociedade brasileira, destacou.<\/p>\n<p>Detendo-se na quest&atilde;o de S&atilde;o Paulo, Lupi comentou que o Major Ol&iacute;mpio, deputado estadual e candidato ao governo paulista, &ldquo;est&aacute; fazendo um excelente trabalho&rdquo; de reorganiza&ccedil;&atilde;o do PDT no estado, depois que Paulinho da For&ccedil;a deixou o Partido, levando muita gente da estrutura do PDT paulista. &ldquo;Sa&iacute;mos da terra-arrasada e estamos mudando a cara do Partido com a ajuda do Major Ol&iacute;mpio, que fez 150 mil votos como deputado estadual; poderia fazer 300 mil votos nesta elei&ccedil;&atilde;o, mas se colocou &agrave; disposi&ccedil;&atilde;o para defender as bandeiras do Partido em S&atilde;o Paulo&rdquo;, elogiou.<\/p>\n<p>Lupi fez um relato geral sobre como via a situa&ccedil;&atilde;o do Partido em cada um dos estados, antes de abrir a palavra &ndash; alternando dirigentes partid&aacute;rios e parlamentares &ndash; para que relatassem, eles pr&oacute;prios, a situa&ccedil;&atilde;o pol&iacute;tica em cada um dos estados e as perspectivas para 2014.<\/p>\n<p>O primeiro a usar da palavra foi Telm&aacute;rio Miranda, presidente do PDT de Roraima, que relatou o quadro local citando, inclusive, as perdas decorrentes da cria&ccedil;&atilde;o de dois novos partidos nas v&eacute;speras de se encerrar o prazo para mudan&ccedil;as dos que pretendem se candidatar ano que vem. Telm&aacute;rio disse que o Partido se fortaleceu muito, e que h&aacute; excelentes candidatos para o ano que vem no Estado.<\/p>\n<p>O segundo a falar foi o Major Ol&iacute;mpio, de S&atilde;o Paulo, que fez um balan&ccedil;o da situa&ccedil;&atilde;o local e agradeceu o empenho pessoal de Lupi &ndash; indo praticamente todas as semanas a S&atilde;o Paulo &ndash; para reorganizar a legenda no maior Estado brasileiro, depois de os problemas causados pela deser&ccedil;&atilde;o de Paulinho da For&ccedil;a e dos demais parlamentares federais que o PDT tinha no Estado. &ldquo;Quero agradecer, em nome dos pedetistas de S&atilde;o Paulo, a aten&ccedil;&atilde;o mais do que especial que Lupi e a dire&ccedil;&atilde;o nacional v&ecirc;m dispensando a S&atilde;o Paulo, onde tivemos o maior foco de trai&ccedil;&atilde;o partid&aacute;ria&rdquo;, observou.<\/p>\n<p>&ndash; Em r&aacute;pido balan&ccedil;o: hoje o PDT de S&atilde;o Paulo tem 19 prefeitos, perdemos dois; temos 28 vice-prefeitos, perdemos quatro; temos 333 vereadores em todo o estado, perdemos 43. Por outro lado, as perspectivas para o ano que vem s&atilde;o positivas, porque temos 55 pr&eacute;-candidatos a deputado federal, com perspectiva de eleger dois ou tr&ecirc;s; e temos 75 pr&eacute;-candidatos a deputado estadual. Estamos trabalhando e o Partido est&aacute; motivado at&eacute; pelo que sofreu, existindo uma grande uni&atilde;o entre os que ficaram.<\/p>\n<p>O Secret&aacute;rio-Geral, licenciado, Manoel Dias, por sua vez, fez um balan&ccedil;o do PDT de Santa Catarina &ndash; as perdas e as perspectivas para 2014 &ndash;, destacando que o PDT nacional precisa fidelizar os seus 3.700 vereadores para que pe&ccedil;am votos para candidatos a deputado estadual e federal do PDT, fortalecendo a legenda. Manoel defendeu os cursos de forma&ccedil;&atilde;o pol&iacute;tica da ULB; e criticou a campanha que sofreu, &agrave; frente do Minist&eacute;rio do Trabalho, &agrave;s v&eacute;speras do fim do prazo de filia&ccedil;&atilde;o, o que teria prejudicado, e muito, o Partido.<\/p>\n<p>&ldquo;Temos que ter compet&ecirc;ncia para superar isto&rdquo;, observou acrescentando que, no Minist&eacute;rio, est&aacute; propondo mudan&ccedil;as para melhorar a transpar&ecirc;ncia &ldquo;para que se restabele&ccedil;a o protagonismo do Minist&eacute;rio, um dos mais importantes do governo, porque ali se promove a possibilidade de avan&ccedil;ar no campo trabalhista e no direito dos trabalhadores&rdquo;. Disse tamb&eacute;m que pretende despachar at&eacute; mar&ccedil;o pr&oacute;ximo tudo o que estiver relacionado &agrave; cria&ccedil;&atilde;o de sindicatos, porque de, 50 pedidos que o Minist&eacute;rio recebe, 47 s&atilde;o relacionados a esta quest&atilde;o. &ldquo;H&aacute; regras, h&aacute; lei, e depois que resolvermos isto vai sobrar tempo no Minist&eacute;rio para que nos preocupemos com pol&iacute;ticas p&uacute;blicas, debatendo, discutindo, avan&ccedil;ando e modernizando a a&ccedil;&atilde;o do Minist&eacute;rio do Trabalho&rdquo;.<\/p>\n<p>Stones, presidente do PDT do Amazonas, explicou que l&aacute; o Partido caminha para uma composi&ccedil;&atilde;o como governador Eduardo Braga, candidato &agrave; reelei&ccedil;&atilde;o, com Amazonino Mendes na chapa, candidato ao Senado. Explicou que os maiores partidos no Estado est&atilde;o nesta composi&ccedil;&atilde;o e que o PDT tem bons candidatos a federal, com chances de fazer um. Stones tamb&eacute;m pediu &agrave; bancada do Partido que apoie, no Congresso, a prorroga&ccedil;&atilde;o do prazo para a exist&ecirc;ncia do Polo Industrial de Manaus, que considera fundamental para garantir a sobreviv&ecirc;ncia da popula&ccedil;&atilde;o e, com isto, a sobreviv&ecirc;ncia da pr&oacute;pria floresta. &ldquo;Se n&atilde;o existissem os empregos do polo industrial, talvez metade da Amaz&ocirc;nia j&aacute; tivesse sido desmatada&rdquo;, disse.<\/p>\n<p>Falando em seguida, o deputado Vieira da Cunha, do Rio Grande do Sul, saudou a iniciativa de Lupi de convocar a reuni&atilde;o assinalando que &ldquo;temos que ter id&eacute;ia de como est&aacute; o quadro nacional e precisamos afinar a nossa viola&rdquo;. Vieira argumentou tamb&eacute;m que era muito ruim &ldquo;quando lideran&ccedil;as come&ccedil;am a dar declara&ccedil;&otilde;es a respeito da sucess&atilde;o presidencial, no momento em que o Partido ainda est&aacute; amadurecendo a sua posi&ccedil;&atilde;o; e sou grato ao Lupi por me chamar a aten&ccedil;&atilde;o sobre isto, tempos atr&aacute;s&rdquo;.<\/p>\n<p>Vieira disse que, depois deste alerta, n&atilde;o falou mais sobre a sucess&atilde;o nacional, restringindo-se a quest&atilde;o estadual: posi&ccedil;&atilde;o que considera a mais correta, e que deveria servir para todos os presentes, tendo em vista a necessidade de fortalecer o Partido, neste momento delicado. &ldquo;Temos que ter opini&otilde;es comuns. Lideran&ccedil;as n&atilde;o devem manifestar publicamente as suas opini&otilde;es, porque ainda h&aacute; muitas vari&aacute;veis; e Manoel Dias &eacute; ministro&rdquo;, destacou.<\/p>\n<p>Segundo Vieira, o PDT precisa almejar sempre candidaturas pr&oacute;prias &ndash; avaliando alternativas, mas sempre tendo em vista a identidade do PDT, as convic&ccedil;&otilde;es do Partido. &ldquo;Concordo com Lupi: n&atilde;o temos que fechar com ningu&eacute;m, no momento; nem com Dilma. Manoel est&aacute; l&aacute;, mas o Partido precisa discutir as alternativas, inclusive a candidatura pr&oacute;pria, que &eacute; a ideal no meu ponto de vista. Lupi est&aacute; conduzindo muito bem, dialogando com todos&rdquo;.<\/p>\n<p>Especificamente sobre o Rio Grande do Sul, disse que l&aacute; j&aacute; foram realizados 38 encontros regionais, sob a lideran&ccedil;a de Romildo Bolzan, presidente estadual; e que o Partido amadureceu a posi&ccedil;&atilde;o de lan&ccedil;ar candidatura pr&oacute;pria ao governo estadual, mas que o assunto ainda vai a discuss&atilde;o no dia 7 de dezembro pr&oacute;ximo, quando o Partido dever&aacute; fazer uma pr&eacute;-conven&ccedil;&atilde;o, j&aacute; que o governador Tarso Genro, candidato a reelei&ccedil;&atilde;o, pediu o apoio do PDT; e o Partido, provocado, precisa tomar uma decis&atilde;o.<\/p>\n<p>&ldquo;Vai ser em um s&aacute;bado; quero aproveitar a oportunidade para convidar todos voc&ecirc;s, lideran&ccedil;as regionais e nacionais do PDT, a estarem presentes e testemunharem este grande momento em que o PDT ga&uacute;cho vai viver, quando deveremos apresentar a nossa candidatura a governador ano que vem, sem constrangimentos&rdquo;, afirmou Vieira.<\/p>\n<p>Lupi aproveitou para ler carta enviada pelo prefeito Jos&eacute; Fortunati, de Porto Alegre, em que afirma seu apoio &agrave; candidatura de Vieira da Cunha a governador, com apoio un&acirc;nime das coordena&ccedil;&otilde;es regionais do PDT de Porto Alegre. Fortunati tamb&eacute;m afirmou na carta, em que justificou sua aus&ecirc;ncia, que &ndash; no plano nacional &ndash; ele pessoalmente acha melhor o PDT continuar na base de apoio da Presidenta Dilma Roussef.<\/p>\n<p>A reuni&atilde;o prosseguiu com parlamentares e dirigentes estaduais se alternando, entre eles os representantes do Acre, de Sergipe, de Minas, de Alagoas etc. Todos os estados estavam representados; e a situa&ccedil;&atilde;o do PDT, em cada um deles, foi relatada.<\/p>\n<p>Falando pela lideran&ccedil;a do Partido na C&acirc;mara, o deputado Andr&eacute; Figueiredo disse que sua prioridade tamb&eacute;m &eacute; recompor a bancada do PDT &ndash; a mais atingida pelas recentes defec&ccedil;&otilde;es, em fun&ccedil;&atilde;o da cria&ccedil;&atilde;o de dois novos partidos &ndash; e aproveitou para elogiar os que ficaram, porque sabe perfeitamente &ldquo;da press&atilde;o indecorosa que foi exercida sobre cada um de voc&ecirc;s, que mostraram que, onde h&aacute; convic&ccedil;&atilde;o, n&atilde;o h&aacute; dinheiro que compre&rdquo;. Andr&eacute; destacou que a for&ccedil;a do PDT na C&acirc;mara &eacute; a unidade da bancada, que a torna respeitada por todos os demais partidos; e observou tamb&eacute;m: &ldquo;Ontem tivemos uma reuni&atilde;o com a ministra Ideli Salvati, em que deixamos claro que n&atilde;o trocamos voto &ndash; votamos contra o que for contr&aacute;rio &agrave;s nossas causas&rdquo;.<\/p>\n<p>Em r&aacute;pido coment&aacute;rio, Lupi disse que &eacute; fundamental que as se&ccedil;&otilde;es estaduais da Funda&ccedil;&atilde;o Brizola-Pasqualini atuem, promovendo discuss&otilde;es e semin&aacute;rios, porque o PDT &eacute; um partido que pensa no futuro al&eacute;m da pr&oacute;xima elei&ccedil;&atilde;o, porque pensa grande.<\/p>\n<p>Nesta linha, o deputado Paulo Rubem Santiago (PE), analisando o momento nacional, disse que &eacute; important&iacute;ssimo que o Partido promova debates sobre as grandes quest&otilde;es nacionais para, cada vez mais, amadurecer suas posi&ccedil;&otilde;es e subsidiar sua a&ccedil;&atilde;o no parlamento. &ldquo;Quero propor que a gente pense, com a dire&ccedil;&atilde;o, com as bancadas na C&acirc;mara e no Senado, com a Funda&ccedil;&atilde;o Brizola &ndash; Alberto Pasqualini, em uma agenda nacional de debates sobre o desenvolvimento que queremos; a economia que queremos; porque o PDT &eacute; vocacionado a pensar o futuro do Brasil, seja com Dilma, com Eduardo Campos, com quem for &ndash; mas jamais para a direita&rdquo;.<\/p>\n<p>Em sua interven&ccedil;&atilde;o, Mario Heringer, presidente do PDT-MG, falou das perdas em seu Estado e do questionamento, na justi&ccedil;a, do mandato de um deputado federal que migrou para um partido que n&atilde;o &eacute; um desses dois novos. &ldquo;N&atilde;o podemos permitir esta verdadeira bagun&ccedil;a pol&iacute;tica&rdquo;, destacou. Heringer observou que o Brasil vive um momento especial, com dois mineiros disputando a presid&ecirc;ncia ano que vem &ndash; Dilma e A&eacute;cio &ndash;, o que considera uma situa&ccedil;&atilde;o peculiar. Afirmou que est&aacute; voltado integralmente para o objetivo de o PDT nacional construir uma grande bancada nas elei&ccedil;&otilde;es do ano que vem, se poss&iacute;vel com mais de 31 deputados federais.<\/p>\n<p>Ronaldo Lessa, presidente do PDT de Alagoas, explicou que o Partido ficou bem, apesar de as pequenas perdas sofridas; declarou que deve disputar a elei&ccedil;&atilde;o de deputado federal ano que vem. No Maranh&atilde;o, o deputado Ewerton Rocha relatou que continua o trabalho de reorganiza&ccedil;&atilde;o da legenda no Estado, e que o PDT foi o primeiro partido a se alinhar &agrave; frente que se formou para derrotar a oligarquia local; al&eacute;m disto, o PDT j&aacute; realizou cinco encontros regionais no Maranh&atilde;o e que a tend&ecirc;ncia &eacute; apoiar a candidatura de Flavio Dino (PC do B) ao governo estadual, ofertando a posi&ccedil;&atilde;o de vice-governador ao PDT, que deve eleger dois federais ano que vem.<\/p>\n<p>Giovanni Queiroz, falando pelo PDT-PA, defendeu a sugest&atilde;o feita pelo deputado Paulo Rubens, de se convocar, pela dire&ccedil;&atilde;o do Partido, semin&aacute;rios para discutir os grandes problemas nacionais &ndash; linha de trabalho que adotou quando exerceu a lideran&ccedil;a do PDT na C&acirc;mara; defendeu tamb&eacute;m a necessidade de o Brasil deixar de ser exportador de mat&eacute;rias primas e investir, cada vez mais, em ci&ecirc;ncia e tecnologia para agregar valores &agrave;s suas &ldquo;exporta&ccedil;&otilde;es. Cobrou tamb&eacute;m a constru&ccedil;&atilde;o de uma sider&uacute;rgica em  seu Estado, um dos maiores exportadores do mundo de min&eacute;rio de ferro &ndash; para que, no futuro, n&atilde;o fiquem no Par&aacute; apenas o buraco, a pobreza e a mis&eacute;ria.<\/p>\n<p>&nbsp;<\/p>\n<p>Outros oradores foram o Senador Acir Gurgacz, l&iacute;der do Partido no Senado; o presidente do PDT-PR, Haroldo; o presidente do PDT de Tocantins, deputado Agnolim; o presidente do PDT-RS, Romildo Bolzan, que complementou o relat&oacute;rio feito antes por Vieira da Cunha; o Senador Pedro Taques, candidato a governador de Mato Grosso, que destacou que o PDT &ldquo;n&atilde;o &eacute; um puxadinho do PT&rdquo;, como alguns acham; e que tamb&eacute;m aproveitou para agradecer Lupi pela corre&ccedil;&atilde;o que tem tratado a se&ccedil;&atilde;o estadual do PDT de Mato Grosso; e o deputado Reguffe, tamb&eacute;m candidato a governador, como Taques, s&oacute; que de Bras&iacute;lia.<\/p>\n<p>Reguffe destacou a ades&atilde;o de dois deputados distritais de Bras&iacute;lia ao PDT, agradeceu a Lupi &ldquo;que tem tido uma postura correta comigo&rdquo;, e confirmou que &eacute; candidato a governador de Bras&iacute;lia em que o eleitorado, no momento, segundo pesquisa, tem prefer&ecirc;ncia por dois candidatos: ele e Roriz, que j&aacute; foi governador por tr&ecirc;s mandatos. &ldquo;&Uacute;nico problema &eacute; que nunca disputei uma elei&ccedil;&atilde;o majorit&aacute;ria e, aqui em Bras&iacute;lia, segundo a pesquisa, sou desconhecido de 29% da popula&ccedil;&atilde;o&rdquo;, disse. &ldquo;O Partido est&aacute; muito bem em Bras&iacute;lia; Michel est&aacute; muito bem na presid&ecirc;ncia; vamos tentar oferecer a Bras&iacute;lia algo que tenha a ver com ela, porque a popula&ccedil;&atilde;o n&atilde;o aguenta mais votar em governos corruptos&rdquo;.<\/p>\n<p>Reguffe disse que, no plano nacional, defende a tese de que o Partido tenha candidato pr&oacute;prio; e que, em sua opini&atilde;o, h&aacute; duas pessoas em condi&ccedil;&otilde;es de disputarem pelo PDT: Cristovam Buarque, que n&atilde;o quer ser candidato de novo; e Pedro Taques. &ldquo;Sinto que a popula&ccedil;&atilde;o quer algo de novo, diferente, e Taques pode ser esta diferen&ccedil;a&rdquo;, afirmou.<\/p>\n<p>Jos&eacute; Queiroz, presidente do PDT-PE, fez um relat&oacute;rio dos acontecimentos em seu Estado, seguido de Zeca Viana, presidente do PDT do Mato Grosso. Tamb&eacute;m usaram a palavra o deputado estadual Fl&aacute;vio, do Piau&iacute;; o deputado Dami&atilde;o Feliciano, da Para&iacute;ba; o ex-deputado Jos&eacute; Bonif&aacute;cio, do Rio de Janeiro; e Alexandre Brust, da Bahia &ndash; cada um com relatos da situa&ccedil;&atilde;o do Partido em seus estados.<\/p>\n<p>Uma das &uacute;ltimas a falar, a presidente da A&ccedil;&atilde;o da Mulher Trabalhista (AMT), Miguelina Vecchio, tamb&eacute;m segunda vice-presidente nacional do PDT, fez um balan&ccedil;o das atividades do movimento das mulheres, dando &ecirc;nfase aos cursos da AMT para preparar as candidatas para as elei&ccedil;&otilde;es. Afirmou que n&atilde;o cabe tamb&eacute;m a dire&ccedil;&otilde;es masculinas do Partido indicarem quem s&atilde;o as mulheres que dever&atilde;o exercer cargos nas AMTs locais, porque at&eacute; onde entende, &ldquo;&uacute;nico lugar onde homem escolhe mulher &eacute; cabar&eacute;&rdquo;. Miguelina anunciou sua candidatura a deputada federal, no Rio Grande do Sul, explicando que sempre ser&aacute; fiel &agrave; causa das mulheres.<\/p>\n<p>Ultimo orador da reuni&atilde;o, o ex-governador Waldez G&oacute;es, do Amap&aacute;, anunciou a disposi&ccedil;&atilde;o de o PDT do Amap&aacute; de ampliar as bancadas federal e estadual, nas elei&ccedil;&otilde;es de 2014; e que, no momento, o Partido atua na dire&ccedil;&atilde;o do fortalecimento dos movimentos. Tamb&eacute;m est&aacute; empenhado na prepara&ccedil;&atilde;o de um programa de governo; e que ele, dentro de uma frente de oposi&ccedil;&atilde;o, vai disputar o governo estadual. Waldez G&oacute;es pediu a ajuda de Lupi para consolidar a alian&ccedil;a do PDT com o PT no Amap&aacute; &ndash; f&oacute;rmula que j&aacute; deu certo, quando disputou a Prefeitura de Macap&aacute;, tendo um representante do PT na chapa, como vice.&nbsp;<\/p>\n<p>OM &#8211; Ascom PDT<\/p>\n<!-- AddThis Advanced Settings generic via filter on the_content --><!-- AddThis Share Buttons generic via filter on the_content -->","protected":false},"excerpt":{"rendered":"<p>&ldquo;Aprendi com Leonel de Moura Brizola que o lado do PDT &eacute; o lado em que o povo est&aacute;; e que este Partido jamais ser&aacute; de direita porque temos hist&oacute;ria, temos causa e somos transparentes&rdquo;, afirmou o presidente nacional do PDT, Carlos Lupi, em forma de desabafo, na reuni&atilde;o realizada em Bras&iacute;lia nesta quinta-feira (31\/10)&#8230;<!-- AddThis Advanced Settings generic via filter on wp_trim_excerpt --><!-- AddThis Share Buttons generic via filter on wp_trim_excerpt --><\/p>\n","protected":false},"author":17,"featured_media":34968,"comment_status":"open","ping_status":"open","sticky":false,"template":"","format":"standard","meta":{"_monsterinsights_skip_tracking":false,"_monsterinsights_sitenote_active":false,"_monsterinsights_sitenote_note":"","_monsterinsights_sitenote_category":0,"_uf_show_specific_survey":0,"_uf_disable_surveys":false,"footnotes":""},"categories":[1401],"tags":[],"class_list":["post-34967","post","type-post","status-publish","format-standard","has-post-thumbnail","hentry","category-nacional"],"acf":[],"_links":{"self":[{"href":"https:\/\/pdt-rj.org.br\/index.php\/wp-json\/wp\/v2\/posts\/34967","targetHints":{"allow":["GET"]}}],"collection":[{"href":"https:\/\/pdt-rj.org.br\/index.php\/wp-json\/wp\/v2\/posts"}],"about":[{"href":"https:\/\/pdt-rj.org.br\/index.php\/wp-json\/wp\/v2\/types\/post"}],"author":[{"embeddable":true,"href":"https:\/\/pdt-rj.org.br\/index.php\/wp-json\/wp\/v2\/users\/17"}],"replies":[{"embeddable":true,"href":"https:\/\/pdt-rj.org.br\/index.php\/wp-json\/wp\/v2\/comments?post=34967"}],"version-history":[{"count":0,"href":"https:\/\/pdt-rj.org.br\/index.php\/wp-json\/wp\/v2\/posts\/34967\/revisions"}],"wp:featuredmedia":[{"embeddable":true,"href":"https:\/\/pdt-rj.org.br\/index.php\/wp-json\/wp\/v2\/media\/34968"}],"wp:attachment":[{"href":"https:\/\/pdt-rj.org.br\/index.php\/wp-json\/wp\/v2\/media?parent=34967"}],"wp:term":[{"taxonomy":"category","embeddable":true,"href":"https:\/\/pdt-rj.org.br\/index.php\/wp-json\/wp\/v2\/categories?post=34967"},{"taxonomy":"post_tag","embeddable":true,"href":"https:\/\/pdt-rj.org.br\/index.php\/wp-json\/wp\/v2\/tags?post=34967"}],"curies":[{"name":"wp","href":"https:\/\/api.w.org\/{rel}","templated":true}]}}