{"id":34785,"date":"2013-10-14T09:12:53","date_gmt":"2013-10-14T12:12:53","guid":{"rendered":"http:\/\/pdt-rj.org.br\/index.php\/flavia-se-reune-com-os-novos-filiados-do-pdt-de-ipora-go\/"},"modified":"2017-10-26T09:08:08","modified_gmt":"2017-10-26T11:08:08","slug":"flavia-se-reune-com-os-novos-filiados-do-pdt-de-ipora-go","status":"publish","type":"post","link":"https:\/\/pdt-rj.org.br\/index.php\/flavia-se-reune-com-os-novos-filiados-do-pdt-de-ipora-go\/","title":{"rendered":"Fl\u00e1via Morais se re\u00fane com os novos filiados do PDT de Ipor\u00e1 (GO)"},"content":{"rendered":"<p style=\"color: #333333;font-family: Arial, Helvetica, sans-serif;margin: 0px;padding: 0px;font-size: 14px;font-style: normal;font-variant: normal;font-weight: normal;letter-spacing: normal;line-height: 20px;text-align: start;text-indent: 0px;background-color: #ffffff\">Na manh&atilde; deste s&aacute;bado de feriado, 12 de outubro, a deputada Fl&aacute;via Morais, acompanhada do marido, presidente estadual do PDT e m&eacute;dico George Morais, visitou a cidade de Ipor&aacute; para conhecer os novos filiados do partido. A deputada tem um irm&atilde;o residente em Ipor&aacute;. Ele &eacute; o m&eacute;dico Fernando Carrero. Foi na casa dele, no Setor P&ocirc;r-do-Sol, que o PDT se reuniu.<\/p>\n<p style=\"color: #333333;font-family: Arial, Helvetica, sans-serif;margin: 0px;padding: 0px;font-size: 14px;font-style: normal;font-variant: normal;font-weight: normal;letter-spacing: normal;line-height: 20px;text-align: start;text-indent: 0px;background-color: #ffffff\">Estavam presentes os novos filiados. O principal deles &eacute; o ex-vice-prefeito Lindomar Lopes que deixou o PSD e ingressou no PDT. Com Lindomar, empres&aacute;rio s&oacute;cio-propriet&aacute;rio da Procria, filiou no PDT um grupo de pessoas ligadas a ele.<\/p>\n<p style=\"color: #333333;font-family: Arial, Helvetica, sans-serif;margin: 0px;padding: 0px;font-size: 14px;font-style: normal;font-variant: normal;font-weight: normal;letter-spacing: normal;line-height: 20px;text-align: start;text-indent: 0px;background-color: #ffffff\">Fl&aacute;via Morais falou aos presentes da alegria de ver fortalecido o PDT de Ipor&aacute;. Deu boas vindas aos novos membros da sigla que no &acirc;mbito municipal vem sendo presidida pelo radialista Jo&atilde;o Batista Alves. Ela relembrou suas atividades por Ipor&aacute;, desde quando era deputada estadual e secret&aacute;ria de cidadania e trabalho. J&aacute; foram v&aacute;rias as atividades que deixaram sinal do trabalho de Fl&aacute;via Morais em Ipor&aacute;.<\/p>\n<p style=\"color: #333333;font-family: Arial, Helvetica, sans-serif;margin: 0px;padding: 0px;font-size: 14px;font-style: normal;font-variant: normal;font-weight: normal;letter-spacing: normal;line-height: 20px;text-align: start;text-indent: 0px;background-color: #ffffff\"><br style=\"color: #333333;font-family: Arial, Helvetica, sans-serif;margin: 0px;padding: 0px\" \/>Antes da reuni&atilde;o, A deputada recebeu a diretoria do Rotary Club de Ipor&aacute;. Levaram &agrave; ela demanda para que pudessem melhor fazer seu trabalho social. A deputada prometeu estudar uma forma de atender a reivindica&ccedil;&atilde;o.<\/p>\n<\/p>\n<p style=\"color: #333333;font-family: Arial, Helvetica, sans-serif;margin: 0px;padding: 0px;font-size: 14px;font-style: normal;font-variant: normal;font-weight: normal;letter-spacing: normal;line-height: 20px;text-align: start;text-indent: 0px;background-color: #ffffff\">O m&eacute;dico George Morais, presidente estadual do PDT, disse sobre o crescimento do partido em Goi&aacute;s, frisando que antes das &uacute;ltimas elei&ccedil;&otilde;es municipais o PDT tinha s&oacute; um prefeito no Estado e agora possui 12, em um crescimento de 1.200%. George lembrou que agora, para as elei&ccedil;&otilde;es do ano que vem, o partido tem melhores perspectivas e com alian&ccedil;a pol&iacute;tica com um candidato a governador, Vanderlan Cardoso, que &eacute; filho de Ipor&aacute;.<\/p>\n<p><br style=\"color: #333333;font-family: Arial, Helvetica, sans-serif;margin: 0px;padding: 0px;font-size: 14px;font-style: normal;font-variant: normal;font-weight: normal;letter-spacing: normal;line-height: 20px;text-align: start;text-indent: 0px;background-color: #ffffff\" \/><\/p>\n<p style=\"color: #333333;font-family: Arial, Helvetica, sans-serif;margin: 0px;padding: 0px;font-size: 14px;font-style: normal;font-variant: normal;font-weight: normal;letter-spacing: normal;line-height: 20px;text-align: start;text-indent: 0px;background-color: #ffffff\">Lindomar Lopes, l&iacute;der pol&iacute;tico agora no PDT, disse que est&aacute; muito satisfeito com a filia&ccedil;&atilde;o de seu grupo pol&iacute;tico no partido, pois acredita no trabalho de Fl&aacute;via Morais e George, um casal que mostra que gosta de Ipor&aacute; e que muito faz por esta terra. Lembrou que pesa na sua decis&atilde;o tamb&eacute;m o fato de saber que o PDT fica do lado do iporaense Vanderlan Cardoso que &eacute; pr&eacute;-candidato a governador de Goi&aacute;s.<\/p>\n<p>MCS &#8211; www.oestegoiano.com.br<\/p>\n<!-- AddThis Advanced Settings generic via filter on the_content --><!-- AddThis Share Buttons generic via filter on the_content -->","protected":false},"excerpt":{"rendered":"<p>Na manh&atilde; deste s&aacute;bado de feriado, 12 de outubro, a deputada Fl&aacute;via Morais, acompanhada do marido, presidente estadual do PDT e m&eacute;dico George Morais, visitou a cidade de Ipor&aacute; para conhecer os novos filiados do partido. A deputada tem um irm&atilde;o residente em Ipor&aacute;. Ele &eacute; o m&eacute;dico Fernando Carrero. Foi na casa dele, no&#8230;<!-- AddThis Advanced Settings generic via filter on wp_trim_excerpt --><!-- AddThis Share Buttons generic via filter on wp_trim_excerpt --><\/p>\n","protected":false},"author":17,"featured_media":34786,"comment_status":"open","ping_status":"open","sticky":false,"template":"","format":"standard","meta":{"_monsterinsights_skip_tracking":false,"_monsterinsights_sitenote_active":false,"_monsterinsights_sitenote_note":"","_monsterinsights_sitenote_category":0,"_uf_show_specific_survey":0,"_uf_disable_surveys":false,"footnotes":""},"categories":[1459,976],"tags":[],"class_list":["post-34785","post","type-post","status-publish","format-standard","has-post-thumbnail","hentry","category-congresso","category-noticias-em-destaque"],"acf":[],"_links":{"self":[{"href":"https:\/\/pdt-rj.org.br\/index.php\/wp-json\/wp\/v2\/posts\/34785","targetHints":{"allow":["GET"]}}],"collection":[{"href":"https:\/\/pdt-rj.org.br\/index.php\/wp-json\/wp\/v2\/posts"}],"about":[{"href":"https:\/\/pdt-rj.org.br\/index.php\/wp-json\/wp\/v2\/types\/post"}],"author":[{"embeddable":true,"href":"https:\/\/pdt-rj.org.br\/index.php\/wp-json\/wp\/v2\/users\/17"}],"replies":[{"embeddable":true,"href":"https:\/\/pdt-rj.org.br\/index.php\/wp-json\/wp\/v2\/comments?post=34785"}],"version-history":[{"count":1,"href":"https:\/\/pdt-rj.org.br\/index.php\/wp-json\/wp\/v2\/posts\/34785\/revisions"}],"predecessor-version":[{"id":56389,"href":"https:\/\/pdt-rj.org.br\/index.php\/wp-json\/wp\/v2\/posts\/34785\/revisions\/56389"}],"wp:featuredmedia":[{"embeddable":true,"href":"https:\/\/pdt-rj.org.br\/index.php\/wp-json\/wp\/v2\/media\/34786"}],"wp:attachment":[{"href":"https:\/\/pdt-rj.org.br\/index.php\/wp-json\/wp\/v2\/media?parent=34785"}],"wp:term":[{"taxonomy":"category","embeddable":true,"href":"https:\/\/pdt-rj.org.br\/index.php\/wp-json\/wp\/v2\/categories?post=34785"},{"taxonomy":"post_tag","embeddable":true,"href":"https:\/\/pdt-rj.org.br\/index.php\/wp-json\/wp\/v2\/tags?post=34785"}],"curies":[{"name":"wp","href":"https:\/\/api.w.org\/{rel}","templated":true}]}}