{"id":33973,"date":"2013-07-01T16:38:29","date_gmt":"2013-07-01T19:38:29","guid":{"rendered":"http:\/\/pdt-rj.org.br\/index.php\/momento-e-de-solidariedade-a-dilma-diz-lupi-ao-estadao-2\/"},"modified":"2013-07-01T16:38:29","modified_gmt":"2013-07-01T19:38:29","slug":"momento-e-de-solidariedade-a-dilma-diz-lupi-ao-estadao-2","status":"publish","type":"post","link":"https:\/\/pdt-rj.org.br\/index.php\/momento-e-de-solidariedade-a-dilma-diz-lupi-ao-estadao-2\/","title":{"rendered":"&#8216;Momento \u00e9 de solidariedade \u00e0 Dilma&#8217;, diz Lupi ao Estad\u00e3o"},"content":{"rendered":"<p>Em entrevista ao Estad&atilde;o, edi&ccedil;&atilde;o de hoje (01\/7), o presidente do PDT Carlos Lupi disse <strong>&nbsp;<\/strong>que o momento &eacute; de solidariedade &agrave; presidente da Rep&uacute;blica.<\/p>\n<p>Leia abaixo a avalia&ccedil;&atilde;o de Lupi sobre a popularidade de Dilma, o apoio da base aliada e a poss&iacute;vel candidatura de Lula.<\/p>\n<p>&nbsp;<\/p>\n<p><em><strong>#    Qual sua an&aacute;lise sobre a queda da popularidade de Dilma?<\/strong><\/em><\/p>\n<p><em>&#8212; &Eacute; natural que os protestos acabem focando no poder central, que acaba canalizando tudo, mesmo n&atilde;o sendo o respons&aacute;vel por todas as quest&otilde;es, como diminui&ccedil;&atilde;o de tarifa de transporte. &Eacute; a hora de solidariedade. N&atilde;o adianta a gente ficar atirando para todos os lados porque as pesquisas retratam o pior momento do governo, mas o que est&aacute; posto pelas manifesta&ccedil;&otilde;es &eacute; contra tudo e todos. Quem acreditar que est&aacute; imune vai errar.<\/em><\/p>\n<p><em><strong>&nbsp;<\/strong><\/em><\/p>\n<p><em><strong>#    A base aliada pode implodir?<\/strong><\/em><\/p>\n<p><em>&#8212; O Congresso est&aacute; atento. O senador Renan Calheiros, por exemplo, tem dado respostas defendendo diminui&ccedil;&atilde;o de minist&eacute;rios e colocando projetos importantes na pauta. Se a base implodir ser&aacute; a parte podre que vai embora. E como dizem: quando o navio d&aacute; sinal de naufr&aacute;gio, os ratos s&atilde;o os primeiros a saltar.<\/em><\/p>\n<p>&nbsp;<\/p>\n<p><em><strong>#    Pode crescer o coro pela volta do ex-presidente Lula?<\/strong><\/em><\/p>\n<p><em>&#8212; N&atilde;o se pode falar em &#8220;Volta Lula&rdquo;, porque isso n&atilde;o foi colocado. A Dilma representa o Lula. Algu&eacute;m tem d&uacute;vidas disso? &Eacute; um processo que temos que tomar muito cuidado para n&atilde;o nos precipitarmos.<\/em><\/p>\n<p>MCS &#8211; O Estado de S. Paulo<\/p>\n<!-- AddThis Advanced Settings generic via filter on the_content --><!-- AddThis Share Buttons generic via filter on the_content -->","protected":false},"excerpt":{"rendered":"<p>Em entrevista ao Estad&atilde;o, edi&ccedil;&atilde;o de hoje (01\/7), o presidente do PDT Carlos Lupi disse &nbsp;que o momento &eacute; de solidariedade &agrave; presidente da Rep&uacute;blica. Leia abaixo a avalia&ccedil;&atilde;o de Lupi sobre a popularidade de Dilma, o apoio da base aliada e a poss&iacute;vel candidatura de Lula. &nbsp; # Qual sua an&aacute;lise sobre a queda&#8230;<!-- AddThis Advanced Settings generic via filter on wp_trim_excerpt --><!-- AddThis Share Buttons generic via filter on wp_trim_excerpt --><\/p>\n","protected":false},"author":17,"featured_media":33974,"comment_status":"open","ping_status":"open","sticky":false,"template":"","format":"standard","meta":{"_monsterinsights_skip_tracking":false,"_monsterinsights_sitenote_active":false,"_monsterinsights_sitenote_note":"","_monsterinsights_sitenote_category":0,"_uf_show_specific_survey":0,"_uf_disable_surveys":false,"footnotes":""},"categories":[1401],"tags":[],"class_list":["post-33973","post","type-post","status-publish","format-standard","has-post-thumbnail","hentry","category-nacional"],"acf":[],"_links":{"self":[{"href":"https:\/\/pdt-rj.org.br\/index.php\/wp-json\/wp\/v2\/posts\/33973","targetHints":{"allow":["GET"]}}],"collection":[{"href":"https:\/\/pdt-rj.org.br\/index.php\/wp-json\/wp\/v2\/posts"}],"about":[{"href":"https:\/\/pdt-rj.org.br\/index.php\/wp-json\/wp\/v2\/types\/post"}],"author":[{"embeddable":true,"href":"https:\/\/pdt-rj.org.br\/index.php\/wp-json\/wp\/v2\/users\/17"}],"replies":[{"embeddable":true,"href":"https:\/\/pdt-rj.org.br\/index.php\/wp-json\/wp\/v2\/comments?post=33973"}],"version-history":[{"count":0,"href":"https:\/\/pdt-rj.org.br\/index.php\/wp-json\/wp\/v2\/posts\/33973\/revisions"}],"wp:featuredmedia":[{"embeddable":true,"href":"https:\/\/pdt-rj.org.br\/index.php\/wp-json\/wp\/v2\/media\/33974"}],"wp:attachment":[{"href":"https:\/\/pdt-rj.org.br\/index.php\/wp-json\/wp\/v2\/media?parent=33973"}],"wp:term":[{"taxonomy":"category","embeddable":true,"href":"https:\/\/pdt-rj.org.br\/index.php\/wp-json\/wp\/v2\/categories?post=33973"},{"taxonomy":"post_tag","embeddable":true,"href":"https:\/\/pdt-rj.org.br\/index.php\/wp-json\/wp\/v2\/tags?post=33973"}],"curies":[{"name":"wp","href":"https:\/\/api.w.org\/{rel}","templated":true}]}}