{"id":33835,"date":"2013-05-09T12:45:27","date_gmt":"2013-05-09T15:45:27","guid":{"rendered":"http:\/\/pdt-rj.org.br\/index.php\/lupi-profere-palestra-hoje-as-19h-em-sao-luis-ma\/"},"modified":"2013-05-09T12:45:27","modified_gmt":"2013-05-09T15:45:27","slug":"lupi-profere-palestra-hoje-as-19h-em-sao-luis-ma","status":"publish","type":"post","link":"https:\/\/pdt-rj.org.br\/index.php\/lupi-profere-palestra-hoje-as-19h-em-sao-luis-ma\/","title":{"rendered":"Lupi profere palestra hoje, \u00e0s 19h, em S\u00e3o Lu\u00eds (MA)"},"content":{"rendered":"<p>Acompanhado do deputado federal Weverton Rocha (PDT-MA), o ex-ministro Carlos Lupi, presidente nacional do PDT, desembarcou no aeroporto Cunha Machado em S&atilde;o Lu&iacute;s (MA) e profere palestra &agrave;s 19h sobre conjuntura nacional e as elei&ccedil;&otilde;es de 2014.<\/p>\n<p>Primeiro trabalhista a ocupar o Minist&eacute;rio do Trabalho ap&oacute;s Jo&atilde;o Goulart, a palestra ser&aacute; proferida nesta quinta-feira, 09, no audit&oacute;rio Jean Noberto, na sede regional do PDT &agrave; rua dos Afogados, 400, centro, S&atilde;o Lu&iacute;s-MA.<\/p>\n<p>No s&aacute;bado, acompanhado do superintendente do Trabalho e Emprego, Juli&atilde;o Amin, o ex-jornaleiro que se tornou ministro e antes foi deputado federal e suplente de senador bate o ponto a partir das 9h no Aldeota Clube em Chapadinha, na rodada 2013 do Encontro Regional do PDT sobre planejamento estrat&eacute;gico e gest&atilde;o partid&aacute;ria.<\/p>\n<p>O evento tem a chancela da Funda&ccedil;&atilde;o Leonel Brizola &#8211; Alberto Pasqualini.<\/p>\n<p>MCS &#8211; Com informa\u00e7\u00f5es do diretodaaldeia.blogspot.com.br<\/p>\n<!-- AddThis Advanced Settings generic via filter on the_content --><!-- AddThis Share Buttons generic via filter on the_content -->","protected":false},"excerpt":{"rendered":"<p>Acompanhado do deputado federal Weverton Rocha (PDT-MA), o ex-ministro Carlos Lupi, presidente nacional do PDT, desembarcou no aeroporto Cunha Machado em S&atilde;o Lu&iacute;s (MA) e profere palestra &agrave;s 19h sobre conjuntura nacional e as elei&ccedil;&otilde;es de 2014. Primeiro trabalhista a ocupar o Minist&eacute;rio do Trabalho ap&oacute;s Jo&atilde;o Goulart, a palestra ser&aacute; proferida nesta quinta-feira, 09,&#8230;<!-- AddThis Advanced Settings generic via filter on wp_trim_excerpt --><!-- AddThis Share Buttons generic via filter on wp_trim_excerpt --><\/p>\n","protected":false},"author":17,"featured_media":33836,"comment_status":"open","ping_status":"open","sticky":false,"template":"","format":"standard","meta":{"_monsterinsights_skip_tracking":false,"_monsterinsights_sitenote_active":false,"_monsterinsights_sitenote_note":"","_monsterinsights_sitenote_category":0,"_uf_show_specific_survey":0,"_uf_disable_surveys":false,"footnotes":""},"categories":[1402],"tags":[],"class_list":["post-33835","post","type-post","status-publish","format-standard","has-post-thumbnail","hentry","category-cidades"],"acf":[],"_links":{"self":[{"href":"https:\/\/pdt-rj.org.br\/index.php\/wp-json\/wp\/v2\/posts\/33835","targetHints":{"allow":["GET"]}}],"collection":[{"href":"https:\/\/pdt-rj.org.br\/index.php\/wp-json\/wp\/v2\/posts"}],"about":[{"href":"https:\/\/pdt-rj.org.br\/index.php\/wp-json\/wp\/v2\/types\/post"}],"author":[{"embeddable":true,"href":"https:\/\/pdt-rj.org.br\/index.php\/wp-json\/wp\/v2\/users\/17"}],"replies":[{"embeddable":true,"href":"https:\/\/pdt-rj.org.br\/index.php\/wp-json\/wp\/v2\/comments?post=33835"}],"version-history":[{"count":0,"href":"https:\/\/pdt-rj.org.br\/index.php\/wp-json\/wp\/v2\/posts\/33835\/revisions"}],"wp:featuredmedia":[{"embeddable":true,"href":"https:\/\/pdt-rj.org.br\/index.php\/wp-json\/wp\/v2\/media\/33836"}],"wp:attachment":[{"href":"https:\/\/pdt-rj.org.br\/index.php\/wp-json\/wp\/v2\/media?parent=33835"}],"wp:term":[{"taxonomy":"category","embeddable":true,"href":"https:\/\/pdt-rj.org.br\/index.php\/wp-json\/wp\/v2\/categories?post=33835"},{"taxonomy":"post_tag","embeddable":true,"href":"https:\/\/pdt-rj.org.br\/index.php\/wp-json\/wp\/v2\/tags?post=33835"}],"curies":[{"name":"wp","href":"https:\/\/api.w.org\/{rel}","templated":true}]}}