{"id":33047,"date":"2012-12-14T10:08:19","date_gmt":"2012-12-14T12:08:19","guid":{"rendered":"http:\/\/pdt-rj.org.br\/index.php\/movimento-negro-pedetista-de-rondonia-define-metas-e-planeja-acoes-estrategicas-2\/"},"modified":"2017-01-27T15:08:05","modified_gmt":"2017-01-27T17:08:05","slug":"movimento-negro-pedetista-de-rondonia-define-metas-e-planeja-acoes-estrategicas-2","status":"publish","type":"post","link":"https:\/\/pdt-rj.org.br\/index.php\/movimento-negro-pedetista-de-rondonia-define-metas-e-planeja-acoes-estrategicas-2\/","title":{"rendered":"Movimento Negro Pedetista de Rond\u00f4nia define metas e planeja a\u00e7\u00f5es estrat\u00e9gicas"},"content":{"rendered":"<p style=\"color: #222222;font-size: 13px;font-family: arial,sans-serif\">O  combate ao racismo &agrave;s desigualdades sociais ganha for&ccedil;a em Porto  Velho. O Movimento Negro (MN) do PDT de Rond&ocirc;nia apresentou, na  segunda-feira, as novas lideran&ccedil;as que atuar&atilde;o em comunidades da cidade.  Com as presen&ccedil;as do vice-prefeito eleito, Dalton Di Franco e do  vereador Cabo Anjos, o grupo debateu temas sociais e tra&ccedil;ou uma frente  de trabalho voltada &agrave; participa&ccedil;&atilde;o no congresso da Secretaria Nacional  do Movimento no Rio de Janeiro.<\/p>\n<p style=\"color: #222222;font-size: 13px;font-family: arial,sans-serif\">Para  o presidente do MN\/RO, o militante neguinho, &ldquo;este momento &eacute; essencial  para a elabora&ccedil;&atilde;o de nossas a&ccedil;&otilde;es para 2013 e tamb&eacute;m para alinhamento de  procedimentos administrativos que garantam a participa&ccedil;&atilde;o de quatro  representantes do Estado no congresso nacional do movimento&rdquo;.<\/p>\n<p style=\"color: #222222;font-size: 13px;font-family: arial,sans-serif\">Al&eacute;m  dos debates acerca do racismo, preconceito e consci&ecirc;ncia, o grupo  discutiu na sess&atilde;o, a pol&ecirc;mica das cotas p&uacute;blicas em faculdades e as  pol&iacute;ticas para as comunidades quilombolas.<\/p>\n<p style=\"color: #222222;font-size: 13px;font-family: arial,sans-serif\">Planejamento estrat&eacute;gico<\/p>\n<p style=\"color: #222222;font-size: 13px;font-family: arial,sans-serif\">Para garantir a participa&ccedil;&atilde;o no Congresso Nacional do Movimento Negro,  em mar&ccedil;o, no Rio de Janeiro, ser&aacute; institu&iacute;da uma comiss&atilde;o provis&oacute;ria  para definir os dois delegados e dois suplentes que ter&atilde;o direito &agrave; vaga  e voto no evento pedetista.<\/p>\n<p style=\"color: #222222;font-size: 13px;font-family: arial,sans-serif\">Em  plen&aacute;ria, ficou aprovada a produ&ccedil;&atilde;o de uma cartilha estadual do MN,  segmentada para diversos grupos sociais e camadas populares. Da mesma  forma, foi constatada a necessidade de composi&ccedil;&atilde;o de municipais nos  maiores diret&oacute;rios e a&ccedil;&otilde;es em curto e m&eacute;dio prazo como o &ldquo;movimento  negro nos bairros&rdquo;, evento que ser&aacute; realizado em pra&ccedil;a p&uacute;blica com  encontros de culturas, palestras e a&ccedil;&otilde;es sociais.<\/p>\n<p style=\"color: #222222;font-size: 13px;font-family: arial,sans-serif\">O  vice-prefeito eleito Dalton Di Franco e o vereador Cabo Anjos  deflagraram apoio &agrave; causa. &ldquo;Entendemos que esse movimento garante a  igualdade de ra&ccedil;as, culturas e credos. &Eacute; preciso valorizar sem  preconceito e fortalecer esse ideal aqui dentro, na base &eacute; mostrar que o  negro tem o seu valor e import&acirc;ncia na sociedade&rdquo;, finalizou Danton. O  movimento j&aacute; conta tamb&eacute;m com o apoio do senador Acir Gurgacz, que vem  trabalhando com a&ccedil;&otilde;es de cunho educativo em diversas quest&otilde;es sociais.  &ldquo;O racismo ainda est&aacute; presente em nossa sociedade e precisamos trabalhar  juntos para deixar isso para tr&aacute;s&rdquo;, afirmou o senador.<\/p>\n<p>Assessoria<\/p>\n<!-- AddThis Advanced Settings generic via filter on the_content --><!-- AddThis Share Buttons generic via filter on the_content -->","protected":false},"excerpt":{"rendered":"<p>O combate ao racismo &agrave;s desigualdades sociais ganha for&ccedil;a em Porto Velho. O Movimento Negro (MN) do PDT de Rond&ocirc;nia apresentou, na segunda-feira, as novas lideran&ccedil;as que atuar&atilde;o em comunidades da cidade. Com as presen&ccedil;as do vice-prefeito eleito, Dalton Di Franco e do vereador Cabo Anjos, o grupo debateu temas sociais e tra&ccedil;ou uma frente&#8230;<!-- AddThis Advanced Settings generic via filter on wp_trim_excerpt --><!-- AddThis Share Buttons generic via filter on wp_trim_excerpt --><\/p>\n","protected":false},"author":17,"featured_media":16298,"comment_status":"closed","ping_status":"closed","sticky":false,"template":"","format":"standard","meta":{"_monsterinsights_skip_tracking":false,"_monsterinsights_sitenote_active":false,"_monsterinsights_sitenote_note":"","_monsterinsights_sitenote_category":0,"_uf_show_specific_survey":0,"_uf_disable_surveys":false,"footnotes":""},"categories":[1397,1587],"tags":[],"class_list":["post-33047","post","type-post","status-publish","format-standard","has-post-thumbnail","hentry","category-movimentos","category-negro"],"acf":[],"_links":{"self":[{"href":"https:\/\/pdt-rj.org.br\/index.php\/wp-json\/wp\/v2\/posts\/33047","targetHints":{"allow":["GET"]}}],"collection":[{"href":"https:\/\/pdt-rj.org.br\/index.php\/wp-json\/wp\/v2\/posts"}],"about":[{"href":"https:\/\/pdt-rj.org.br\/index.php\/wp-json\/wp\/v2\/types\/post"}],"author":[{"embeddable":true,"href":"https:\/\/pdt-rj.org.br\/index.php\/wp-json\/wp\/v2\/users\/17"}],"replies":[{"embeddable":true,"href":"https:\/\/pdt-rj.org.br\/index.php\/wp-json\/wp\/v2\/comments?post=33047"}],"version-history":[{"count":1,"href":"https:\/\/pdt-rj.org.br\/index.php\/wp-json\/wp\/v2\/posts\/33047\/revisions"}],"predecessor-version":[{"id":52611,"href":"https:\/\/pdt-rj.org.br\/index.php\/wp-json\/wp\/v2\/posts\/33047\/revisions\/52611"}],"wp:featuredmedia":[{"embeddable":true,"href":"https:\/\/pdt-rj.org.br\/index.php\/wp-json\/wp\/v2\/media\/16298"}],"wp:attachment":[{"href":"https:\/\/pdt-rj.org.br\/index.php\/wp-json\/wp\/v2\/media?parent=33047"}],"wp:term":[{"taxonomy":"category","embeddable":true,"href":"https:\/\/pdt-rj.org.br\/index.php\/wp-json\/wp\/v2\/categories?post=33047"},{"taxonomy":"post_tag","embeddable":true,"href":"https:\/\/pdt-rj.org.br\/index.php\/wp-json\/wp\/v2\/tags?post=33047"}],"curies":[{"name":"wp","href":"https:\/\/api.w.org\/{rel}","templated":true}]}}