{"id":31403,"date":"2012-05-26T04:29:33","date_gmt":"2012-05-26T07:29:33","guid":{"rendered":"http:\/\/www.malungo2.com.br\/pdt\/desenv\/index.php\/pdt-anuncia-dalton-di-franco-a-frente-do-partido-nas-eleicoes-de-2012-em-porto-velho\/"},"modified":"2017-10-25T15:03:09","modified_gmt":"2017-10-25T17:03:09","slug":"pdt-anuncia-dalton-di-franco-a-frente-do-partido-nas-eleicoes-de-2012-em-porto-velho","status":"publish","type":"post","link":"https:\/\/pdt-rj.org.br\/index.php\/pdt-anuncia-dalton-di-franco-a-frente-do-partido-nas-eleicoes-de-2012-em-porto-velho\/","title":{"rendered":"PDT anuncia Dalton di Franco \u00e0 frente do partido nas elei\u00e7\u00f5es de 2012 em Porto Velho"},"content":{"rendered":"<div class=\"im\">A pr&eacute;-candidatura do jornalista Dalton di Franco &agrave; prefeitura de Porto Velho foi anunciada nesta sexta-feira, na sede do Partido Democr&aacute;tico Trabalhista (PDT), em Porto Velho, &agrave;s 16h. O apresentador dos programas Plant&atilde;o de Pol&iacute;cia &ndash; h&aacute; oito anos no ar na Rede TV &ndash; e Hora do Rush, foi escolhido por unanimidade em reuni&atilde;o realizada na &uacute;ltima quarta-feira, dia 23. Dalton, al&eacute;m de jornalista, &eacute; graduado em Administra&ccedil;&atilde;o, professor universit&aacute;rio e bacharelando em Direito.<\/div>\n<p>A cerim&ocirc;nia de oficializa&ccedil;&atilde;o da pr&eacute;-candidatura de Dalton foi realizada com a presen&ccedil;a de militantes do partido, assim como membros dos movimentos da A&ccedil;&atilde;o da Mulher Trabalhista (AMT), da Juventude Socialista (JS) do PDT de Rond&ocirc;nia e da imprensa em geral. O presidente regional em exerc&iacute;cio, Ruy Motta, destacou a import&acirc;ncia da candidatura de Dalton para alavancar o partido e o presidente municipal, Pedro Wanderley, fez a leitura da nota oficial divulgada na sexta-feira.<\/p>\n<p>Durante o an&uacute;ncio de sua pr&eacute;-candidatura, o jornalista Dalton di Franco discursou sobre sua trajet&oacute;ria profissional e pol&iacute;tica. &ldquo;Estava tudo planejado, no ano passado, para me aposentar este ano, mas tive que mudar os planos&rdquo;, afirmou Dalton. De acordo com o pedetista, dos &uacute;ltimos meses de 2011 at&eacute; hoje vem crescendo o apelo popular por sua candidatura. &ldquo;Como portovelhense, filho dessa terra, n&atilde;o posso dar as costas a essa demanda&rdquo;, esclareceu.<\/p>\n<div class=\"im\">\n<p>O nome de Dalton di Franco &eacute; tradicional na Capital devido &agrave; sua longa carreira na &aacute;rea de comunica&ccedil;&atilde;o, inicialmente como radialista na Eldorado, em 1978, passando pela r&aacute;dio Caiari e culminando com sua entrada na televis&atilde;o, com o programa Plant&atilde;o de Pol&iacute;cia. Desde o ano passado, Dalton vem ganhando for&ccedil;a na Capital devido a um trabalho social ligado &agrave; cidadania e ao combate &agrave;s drogas.<\/p>\n<p>&nbsp;<\/p>\n<\/div>\n<p>Experi&ecirc;ncia<\/p>\n<div class=\"im\">\n<p>&nbsp;<\/p>\n<p>A disputa pela prefeitura da Capital neste ano &eacute; a terceira incurs&atilde;o do jornalista e apresentador na &aacute;rea pol&iacute;tica. &ldquo;Dalton j&aacute; exerceu mandato como vereador (1988) e como deputado estadual (1990)&rdquo;, afirmou Pedro Wanderley, presidente municipal do PDT. &ldquo;Ele tem experi&ecirc;ncia pol&iacute;tica e &eacute; ficha limpa. &Eacute; um pr&eacute;-candidato que aglutina e fortalece o partido na disputa pelo cargo maior do munic&iacute;pio&rdquo;.<\/p>\n<p>&ldquo;A popula&ccedil;&atilde;o de Porto Velho tem em Dalton di Franco, como pr&eacute;-candidato &agrave; prefeitura de Porto Velho, uma op&ccedil;&atilde;o de um portovelhense da gema, nascido aqui na terra, compromissado com a cidade, com as fam&iacute;lias&rdquo;, detalhou Ruy Motta, presidente estadual em exerc&iacute;cio. &ldquo;Ap&oacute;s uma avalia&ccedil;&atilde;o mais acurada sobre a hist&oacute;ria do pr&eacute;-candidato Dalton dentro do partido, ficou clara para a AMT a import&acirc;ncia dele &agrave; frente da disputa do pleito de 2012&rdquo;, acrescentou Marli Mendon&ccedil;a, presidente da A&ccedil;&atilde;o da Mulher Trabalhista (AMT).<\/p>\n<\/div>\n<p>Para C&eacute;lio Lopes, presidente estadual da Juventude Socialista do PDT, a escolha do partido, por unanimidade, consolida as suas bases para uma candidatura forte na Capital. &ldquo;Dalton di Franco &eacute; um profissional dedicado na televis&atilde;o, no r&aacute;dio e na imprensa escrita. Acreditamos que o compromisso que ele tem com a sociedade atrav&eacute;s de seu trabalho como jornalista vai avalizar a sua atua&ccedil;&atilde;o como prefeito da Capital&rdquo;, arrematou. Companheiro de JS, o presidente municipal, Caio Lopes, aposta na candidatura de Dalton como refor&ccedil;o &agrave; milit&acirc;ncia na juventude: &ldquo;Ele (Dalton) tem uma vis&atilde;o clara da import&acirc;ncia da educa&ccedil;&atilde;o para um futuro de sustentabilidade para a Capital&rdquo;.<\/p>\n<p>Assessoria PDT\/Porto Velho<\/p>\n<!-- AddThis Advanced Settings generic via filter on the_content --><!-- AddThis Share Buttons generic via filter on the_content -->","protected":false},"excerpt":{"rendered":"<p>A pr&eacute;-candidatura do jornalista Dalton di Franco &agrave; prefeitura de Porto Velho foi anunciada nesta sexta-feira, na sede do Partido Democr&aacute;tico Trabalhista (PDT), em Porto Velho, &agrave;s 16h. O apresentador dos programas Plant&atilde;o de Pol&iacute;cia &ndash; h&aacute; oito anos no ar na Rede TV &ndash; e Hora do Rush, foi escolhido por unanimidade em reuni&atilde;o&#8230;<!-- AddThis Advanced Settings generic via filter on wp_trim_excerpt --><!-- AddThis Share Buttons generic via filter on wp_trim_excerpt --><\/p>\n","protected":false},"author":17,"featured_media":31404,"comment_status":"open","ping_status":"open","sticky":false,"template":"","format":"standard","meta":{"_monsterinsights_skip_tracking":false,"_monsterinsights_sitenote_active":false,"_monsterinsights_sitenote_note":"","_monsterinsights_sitenote_category":0,"_uf_show_specific_survey":0,"_uf_disable_surveys":false,"footnotes":""},"categories":[976],"tags":[],"class_list":["post-31403","post","type-post","status-publish","format-standard","has-post-thumbnail","hentry","category-noticias-em-destaque"],"acf":[],"_links":{"self":[{"href":"https:\/\/pdt-rj.org.br\/index.php\/wp-json\/wp\/v2\/posts\/31403","targetHints":{"allow":["GET"]}}],"collection":[{"href":"https:\/\/pdt-rj.org.br\/index.php\/wp-json\/wp\/v2\/posts"}],"about":[{"href":"https:\/\/pdt-rj.org.br\/index.php\/wp-json\/wp\/v2\/types\/post"}],"author":[{"embeddable":true,"href":"https:\/\/pdt-rj.org.br\/index.php\/wp-json\/wp\/v2\/users\/17"}],"replies":[{"embeddable":true,"href":"https:\/\/pdt-rj.org.br\/index.php\/wp-json\/wp\/v2\/comments?post=31403"}],"version-history":[{"count":1,"href":"https:\/\/pdt-rj.org.br\/index.php\/wp-json\/wp\/v2\/posts\/31403\/revisions"}],"predecessor-version":[{"id":55843,"href":"https:\/\/pdt-rj.org.br\/index.php\/wp-json\/wp\/v2\/posts\/31403\/revisions\/55843"}],"wp:featuredmedia":[{"embeddable":true,"href":"https:\/\/pdt-rj.org.br\/index.php\/wp-json\/wp\/v2\/media\/31404"}],"wp:attachment":[{"href":"https:\/\/pdt-rj.org.br\/index.php\/wp-json\/wp\/v2\/media?parent=31403"}],"wp:term":[{"taxonomy":"category","embeddable":true,"href":"https:\/\/pdt-rj.org.br\/index.php\/wp-json\/wp\/v2\/categories?post=31403"},{"taxonomy":"post_tag","embeddable":true,"href":"https:\/\/pdt-rj.org.br\/index.php\/wp-json\/wp\/v2\/tags?post=31403"}],"curies":[{"name":"wp","href":"https:\/\/api.w.org\/{rel}","templated":true}]}}