{"id":31393,"date":"2012-05-25T17:18:48","date_gmt":"2012-05-25T20:18:48","guid":{"rendered":"http:\/\/www.malungo2.com.br\/pdt\/desenv\/index.php\/brizola-neto-eleicao-de-fortunati-e-prioridade-do-pdt\/"},"modified":"2017-10-25T15:03:24","modified_gmt":"2017-10-25T17:03:24","slug":"brizola-neto-eleicao-de-fortunati-e-prioridade-do-pdt","status":"publish","type":"post","link":"https:\/\/pdt-rj.org.br\/index.php\/brizola-neto-eleicao-de-fortunati-e-prioridade-do-pdt\/","title":{"rendered":"Brizola Neto: elei\u00e7\u00e3o de Fortunati \u00e9 prioridade do PDT"},"content":{"rendered":"<div id=\"SearchKey_Text1\" class=\"page fontsize p1 printing\">\n<p>O prefeito Jos&eacute; Fortunati (PDT) participou, na manh&atilde; desta sexta-feira  (25), de um caf&eacute; da manh&atilde; com o ministro do Trabalho e Emprego, Brizola  Neto (PDT). Durante o encontro, que reuniu lideran&ccedil;as pedetistas na sede  estadual do partido, o ministro destacou a import&acirc;ncia da elei&ccedil;&atilde;o de  Fortunati em Porto Alegre: &#8220;Para o PDT nacional, a capital ga&uacute;cha &eacute;  prioridade e Fortunati, al&eacute;m de ser um grande gestor que est&aacute;  transformando a cidade, representa bem a orienta&ccedil;&atilde;o do trabalho de que o  servi&ccedil;o p&uacute;blico esteja voltado para o povo&#8221;.<\/p>\n<p>Em resposta, Fortunati saudou Brizola Neto em nome dos prefeitos e  vereadores, ressaltou a import&acirc;ncia do trabalho desenvolvido no  minist&eacute;rio do Trabalho e Emprego, &#8220;que &eacute; a representa&ccedil;&atilde;o do PDT no  governo Dilma&#8221;.  Depois, Fortunati agradeceu o est&iacute;mulo do  ministro: &#8220;a  reafirma&ccedil;&atilde;o de que a elei&ccedil;&atilde;o de Porto Alegre &eacute; prioridade para o PDT  nos mobiliza ainda mais na nossa  caminhada,  em que a milit&acirc;ncia  trabalhista ter&aacute; papel fundamental&#8221;, concluiu.<\/p>\n<\/div>\n<p>Terra<\/p>\n<!-- AddThis Advanced Settings generic via filter on the_content --><!-- AddThis Share Buttons generic via filter on the_content -->","protected":false},"excerpt":{"rendered":"<p>O prefeito Jos&eacute; Fortunati (PDT) participou, na manh&atilde; desta sexta-feira (25), de um caf&eacute; da manh&atilde; com o ministro do Trabalho e Emprego, Brizola Neto (PDT). Durante o encontro, que reuniu lideran&ccedil;as pedetistas na sede estadual do partido, o ministro destacou a import&acirc;ncia da elei&ccedil;&atilde;o de Fortunati em Porto Alegre: &#8220;Para o PDT nacional, a&#8230;<!-- AddThis Advanced Settings generic via filter on wp_trim_excerpt --><!-- AddThis Share Buttons generic via filter on wp_trim_excerpt --><\/p>\n","protected":false},"author":17,"featured_media":31394,"comment_status":"open","ping_status":"open","sticky":false,"template":"","format":"standard","meta":{"_monsterinsights_skip_tracking":false,"_monsterinsights_sitenote_active":false,"_monsterinsights_sitenote_note":"","_monsterinsights_sitenote_category":0,"_uf_show_specific_survey":0,"_uf_disable_surveys":false,"footnotes":""},"categories":[976],"tags":[],"class_list":["post-31393","post","type-post","status-publish","format-standard","has-post-thumbnail","hentry","category-noticias-em-destaque"],"acf":[],"_links":{"self":[{"href":"https:\/\/pdt-rj.org.br\/index.php\/wp-json\/wp\/v2\/posts\/31393","targetHints":{"allow":["GET"]}}],"collection":[{"href":"https:\/\/pdt-rj.org.br\/index.php\/wp-json\/wp\/v2\/posts"}],"about":[{"href":"https:\/\/pdt-rj.org.br\/index.php\/wp-json\/wp\/v2\/types\/post"}],"author":[{"embeddable":true,"href":"https:\/\/pdt-rj.org.br\/index.php\/wp-json\/wp\/v2\/users\/17"}],"replies":[{"embeddable":true,"href":"https:\/\/pdt-rj.org.br\/index.php\/wp-json\/wp\/v2\/comments?post=31393"}],"version-history":[{"count":1,"href":"https:\/\/pdt-rj.org.br\/index.php\/wp-json\/wp\/v2\/posts\/31393\/revisions"}],"predecessor-version":[{"id":55848,"href":"https:\/\/pdt-rj.org.br\/index.php\/wp-json\/wp\/v2\/posts\/31393\/revisions\/55848"}],"wp:featuredmedia":[{"embeddable":true,"href":"https:\/\/pdt-rj.org.br\/index.php\/wp-json\/wp\/v2\/media\/31394"}],"wp:attachment":[{"href":"https:\/\/pdt-rj.org.br\/index.php\/wp-json\/wp\/v2\/media?parent=31393"}],"wp:term":[{"taxonomy":"category","embeddable":true,"href":"https:\/\/pdt-rj.org.br\/index.php\/wp-json\/wp\/v2\/categories?post=31393"},{"taxonomy":"post_tag","embeddable":true,"href":"https:\/\/pdt-rj.org.br\/index.php\/wp-json\/wp\/v2\/tags?post=31393"}],"curies":[{"name":"wp","href":"https:\/\/api.w.org\/{rel}","templated":true}]}}