{"id":31391,"date":"2012-05-25T17:13:38","date_gmt":"2012-05-25T20:13:38","guid":{"rendered":"http:\/\/www.malungo2.com.br\/pdt\/desenv\/index.php\/em-porto-alegre-brizola-neto-anuncia-1-milhao-de-vagas-em-cursos-de-qualificacao-2\/"},"modified":"2017-10-25T15:03:24","modified_gmt":"2017-10-25T17:03:24","slug":"em-porto-alegre-brizola-neto-anuncia-1-milhao-de-vagas-em-cursos-de-qualificacao-2","status":"publish","type":"post","link":"https:\/\/pdt-rj.org.br\/index.php\/em-porto-alegre-brizola-neto-anuncia-1-milhao-de-vagas-em-cursos-de-qualificacao-2\/","title":{"rendered":"Em Porto Alegre, Brizola Neto anuncia 1 milh\u00e3o de vagas em cursos de qualifica\u00e7\u00e3o"},"content":{"rendered":"<p>O Programa Nacional de Acesso ao Ensino T&eacute;cnico e  Emprego (Pronatec)   ter&aacute; 1 milh&atilde;o de vagas que ser&atilde;o abertas em cursos de qualifica&ccedil;&atilde;o at&eacute; o  final do ano. Desse total, dois ter&ccedil;os   ser&atilde;o gratuitas. O an&uacute;ncio foi  feito pelo ministro  do Trabalho e Emprego, Brizola Neto, que  participou nesta sexta-feira de uma reuni&atilde;o com o prefeito Jos&eacute;  Fortunati. Na primeira visita como ministro a Porto Alegre, Neto estava  acompanhado da irm&atilde; e deputada estadual, Juliana Brizola (PDT). <\/p>\n<p>Segundo  o ministro, a coordena&ccedil;&atilde;o do Pronatec ser&aacute; dividida com o minist&eacute;rio da  Educa&ccedil;&atilde;o (MEC). A  visita ao prefeito teve o objetivo de consolidar a  parceria da Uni&atilde;o com os munic&iacute;pios. &ldquo;Dependemos 100% das prefeituras  para execu&ccedil;&atilde;o dos programas do governo federal na &aacute;rea da qualifica&ccedil;&atilde;o  profissional&rdquo;, destacou. <\/p>\n<p>Para Brizola, a parceria com as  prefeituras &eacute; importante porque as coisas acontecem nas  cidades.  Segundo ele, o grande desafio do minist&eacute;rio do Trabalho e Emprego  &eacute;  aumentar a produtividade no Brasil. &ldquo;No entanto, jamais vamos fazer isso  com a retirada de direitos e garantias dos trabalhadores, comentou.<\/p>\n<p>De  acordo com o ministro, o caminho para  um Pa&iacute;s forte passa  para  aumentar a produtividade pela  oferta de cursos profissionalizantes e  investimentos pesados na   educa&ccedil;&atilde;o brasileira. &ldquo;Queremos um  profissional bem preparado para que  ele possa ocupar postos mais  qualificado de trabalho&rdquo;, acrescentou.<\/p>\n<p>Segundo Fortunati, a  prefeitura j&aacute; mant&eacute;m conv&ecirc;nios com o minist&eacute;rio para a realiza&ccedil;&atilde;o de  cursos de qualifica&ccedil;&atilde;o profissional. Este ano, a Secretaria Municipal do  Trabalho Emprego projeta a cria&ccedil;&atilde;o de  oito mil vagas em cursos na  parceria com o governo federal, atrav&eacute;s dos programas Pronatec e  Setorial de Qualifica&ccedil;&atilde;o (PlanSeQ). Os cursos de qualifica&ccedil;&atilde;o em Porto  Alegre  oferecem vagas em  40 especialidades, em &aacute;reas como com&eacute;rcio,  servi&ccedil;os, constru&ccedil;&atilde;o civil, hotelaria, ind&uacute;stria e empreendedorismo.<\/p>\n<p>Conforme  o ministro, ser&aacute; reajustado os  valores para conv&ecirc;nios de qualifica&ccedil;&atilde;o  profissional. &ldquo;Com isso vai possibilitar, por exemplo, parcerias com as  redes do Sistema S, que tem experi&ecirc;ncia e reconhecidos resultados em  capacita&ccedil;&atilde;o&rdquo;, ressaltou. Brizola Neto afirmou que escolheu come&ccedil;ar o  roteiro de viagens aos munic&iacute;pios brasileiros por Porto Alegre, que &eacute;  sua cidade natal.<\/p>\n<p>www.correiodopovo.com.br<\/p>\n<!-- AddThis Advanced Settings generic via filter on the_content --><!-- AddThis Share Buttons generic via filter on the_content -->","protected":false},"excerpt":{"rendered":"<p>O Programa Nacional de Acesso ao Ensino T&eacute;cnico e Emprego (Pronatec) ter&aacute; 1 milh&atilde;o de vagas que ser&atilde;o abertas em cursos de qualifica&ccedil;&atilde;o at&eacute; o final do ano. Desse total, dois ter&ccedil;os ser&atilde;o gratuitas. O an&uacute;ncio foi feito pelo ministro do Trabalho e Emprego, Brizola Neto, que participou nesta sexta-feira de uma reuni&atilde;o com o&#8230;<!-- AddThis Advanced Settings generic via filter on wp_trim_excerpt --><!-- AddThis Share Buttons generic via filter on wp_trim_excerpt --><\/p>\n","protected":false},"author":17,"featured_media":31392,"comment_status":"open","ping_status":"open","sticky":false,"template":"","format":"standard","meta":{"_monsterinsights_skip_tracking":false,"_monsterinsights_sitenote_active":false,"_monsterinsights_sitenote_note":"","_monsterinsights_sitenote_category":0,"_uf_show_specific_survey":0,"_uf_disable_surveys":false,"footnotes":""},"categories":[976],"tags":[],"class_list":["post-31391","post","type-post","status-publish","format-standard","has-post-thumbnail","hentry","category-noticias-em-destaque"],"acf":[],"_links":{"self":[{"href":"https:\/\/pdt-rj.org.br\/index.php\/wp-json\/wp\/v2\/posts\/31391","targetHints":{"allow":["GET"]}}],"collection":[{"href":"https:\/\/pdt-rj.org.br\/index.php\/wp-json\/wp\/v2\/posts"}],"about":[{"href":"https:\/\/pdt-rj.org.br\/index.php\/wp-json\/wp\/v2\/types\/post"}],"author":[{"embeddable":true,"href":"https:\/\/pdt-rj.org.br\/index.php\/wp-json\/wp\/v2\/users\/17"}],"replies":[{"embeddable":true,"href":"https:\/\/pdt-rj.org.br\/index.php\/wp-json\/wp\/v2\/comments?post=31391"}],"version-history":[{"count":1,"href":"https:\/\/pdt-rj.org.br\/index.php\/wp-json\/wp\/v2\/posts\/31391\/revisions"}],"predecessor-version":[{"id":55849,"href":"https:\/\/pdt-rj.org.br\/index.php\/wp-json\/wp\/v2\/posts\/31391\/revisions\/55849"}],"wp:featuredmedia":[{"embeddable":true,"href":"https:\/\/pdt-rj.org.br\/index.php\/wp-json\/wp\/v2\/media\/31392"}],"wp:attachment":[{"href":"https:\/\/pdt-rj.org.br\/index.php\/wp-json\/wp\/v2\/media?parent=31391"}],"wp:term":[{"taxonomy":"category","embeddable":true,"href":"https:\/\/pdt-rj.org.br\/index.php\/wp-json\/wp\/v2\/categories?post=31391"},{"taxonomy":"post_tag","embeddable":true,"href":"https:\/\/pdt-rj.org.br\/index.php\/wp-json\/wp\/v2\/tags?post=31391"}],"curies":[{"name":"wp","href":"https:\/\/api.w.org\/{rel}","templated":true}]}}