{"id":31389,"date":"2012-05-25T16:40:29","date_gmt":"2012-05-25T19:40:29","guid":{"rendered":"http:\/\/pdt-rj.org.br\/index.php\/lupi-participa-do-lancamento-da-pre-candidatura-de-andre-merlo-2\/"},"modified":"2012-05-25T16:40:29","modified_gmt":"2012-05-25T19:40:29","slug":"lupi-participa-do-lancamento-da-pre-candidatura-de-andre-merlo-2","status":"publish","type":"post","link":"https:\/\/pdt-rj.org.br\/index.php\/lupi-participa-do-lancamento-da-pre-candidatura-de-andre-merlo-2\/","title":{"rendered":"Lupi participa do lan\u00e7amento da pr\u00e9-candidatura de Andr\u00e9 Merlo"},"content":{"rendered":"<p>Depois de participar do encontro do PDT em Belo Horizonte, onde houve a realiza&ccedil;&atilde;o do Curso Elei&ccedil;&otilde;es 2012 pela Funda&ccedil;&atilde;o Leonel Brizola &ndash; Alberto Pasqualini, o presidente do PDT Nacional Carlos Lupi segue agora para o lan&ccedil;amento da pr&eacute;-candidatura do pedetista Andr&eacute; Merlo &agrave; Prefeitura de Governador Valadares (MG).<\/p>\n<p>O evento est&aacute; marcado para hoje &agrave; noite, na Avenida &nbsp;JK -1738, no bairro Vila Bretas.<\/p>\n<!-- AddThis Advanced Settings generic via filter on the_content --><!-- AddThis Share Buttons generic via filter on the_content -->","protected":false},"excerpt":{"rendered":"<p>Depois de participar do encontro do PDT em Belo Horizonte, onde houve a realiza&ccedil;&atilde;o do Curso Elei&ccedil;&otilde;es 2012 pela Funda&ccedil;&atilde;o Leonel Brizola &ndash; Alberto Pasqualini, o presidente do PDT Nacional Carlos Lupi segue agora para o lan&ccedil;amento da pr&eacute;-candidatura do pedetista Andr&eacute; Merlo &agrave; Prefeitura de Governador Valadares (MG). O evento est&aacute; marcado para hoje&#8230;<!-- AddThis Advanced Settings generic via filter on wp_trim_excerpt --><!-- AddThis Share Buttons generic via filter on wp_trim_excerpt --><\/p>\n","protected":false},"author":17,"featured_media":31390,"comment_status":"open","ping_status":"open","sticky":false,"template":"","format":"standard","meta":{"_monsterinsights_skip_tracking":false,"_monsterinsights_sitenote_active":false,"_monsterinsights_sitenote_note":"","_monsterinsights_sitenote_category":0,"_uf_show_specific_survey":0,"_uf_disable_surveys":false,"footnotes":""},"categories":[1402],"tags":[],"class_list":["post-31389","post","type-post","status-publish","format-standard","has-post-thumbnail","hentry","category-cidades"],"acf":[],"_links":{"self":[{"href":"https:\/\/pdt-rj.org.br\/index.php\/wp-json\/wp\/v2\/posts\/31389","targetHints":{"allow":["GET"]}}],"collection":[{"href":"https:\/\/pdt-rj.org.br\/index.php\/wp-json\/wp\/v2\/posts"}],"about":[{"href":"https:\/\/pdt-rj.org.br\/index.php\/wp-json\/wp\/v2\/types\/post"}],"author":[{"embeddable":true,"href":"https:\/\/pdt-rj.org.br\/index.php\/wp-json\/wp\/v2\/users\/17"}],"replies":[{"embeddable":true,"href":"https:\/\/pdt-rj.org.br\/index.php\/wp-json\/wp\/v2\/comments?post=31389"}],"version-history":[{"count":0,"href":"https:\/\/pdt-rj.org.br\/index.php\/wp-json\/wp\/v2\/posts\/31389\/revisions"}],"wp:featuredmedia":[{"embeddable":true,"href":"https:\/\/pdt-rj.org.br\/index.php\/wp-json\/wp\/v2\/media\/31390"}],"wp:attachment":[{"href":"https:\/\/pdt-rj.org.br\/index.php\/wp-json\/wp\/v2\/media?parent=31389"}],"wp:term":[{"taxonomy":"category","embeddable":true,"href":"https:\/\/pdt-rj.org.br\/index.php\/wp-json\/wp\/v2\/categories?post=31389"},{"taxonomy":"post_tag","embeddable":true,"href":"https:\/\/pdt-rj.org.br\/index.php\/wp-json\/wp\/v2\/tags?post=31389"}],"curies":[{"name":"wp","href":"https:\/\/api.w.org\/{rel}","templated":true}]}}