{"id":31385,"date":"2012-05-25T15:03:21","date_gmt":"2012-05-25T18:03:21","guid":{"rendered":"http:\/\/www.malungo2.com.br\/pdt\/desenv\/index.php\/pdt-de-sao-jose-sc-segue-formando-nucleos-de-base\/"},"modified":"2017-10-25T15:03:24","modified_gmt":"2017-10-25T17:03:24","slug":"pdt-de-sao-jose-sc-segue-formando-nucleos-de-base","status":"publish","type":"post","link":"https:\/\/pdt-rj.org.br\/index.php\/pdt-de-sao-jose-sc-segue-formando-nucleos-de-base\/","title":{"rendered":"PDT de S\u00e3o Jos\u00e9 (SC) segue formando N\u00facleos de Base"},"content":{"rendered":"<p>Mais tr&ecirc;s pr&eacute;-candidatos criaram N&uacute;cleos de Base (NB) em suas regi&otilde;es no munic&iacute;pio de S&atilde;o Jos&eacute;. Mara Aparecida Morais em Barreiros, Wallace Avanir de Souza (Tet&ecirc;) na regi&atilde;o de Serraria e Djalma Cardoso, no bairro Praia Comprida.<\/p>\n<p>Em todos os encontros estiveram presentes o presidente do PDT de S&atilde;o Jos&eacute;, Professor Carlos Magno da Silva Bernardo, o vice-presidente Maur&iacute;cio Kimmel, o companheiro Luiz Miguel Vaz Viegas, coordenador Regional do Partido na Grande Florian&oacute;polis e o prefeito de S&atilde;o Jos&eacute; Djalma Berger.<\/p>\n<p>Na reuni&atilde;o do pr&eacute;-candidato Wallace Avanir de Souza (Tet&ecirc;), Manoel Dias, secret&aacute;rio-geral do PDT Nacional e Presidente do PDT catarinense esteve presente e em sua fala parabenizou o grupo de S&atilde;o Jos&eacute; pelo empenho e dedica&ccedil;&atilde;o que imprimiram na implanta&ccedil;&atilde;o e organiza&ccedil;&atilde;o dos N&uacute;cleos de Base.<\/p>\n<p>Os tr&ecirc;s encontros reuniram mais de 300 pessoas entre simpatizantes, autoridades, lideran&ccedil;as comunit&aacute;rias, empres&aacute;rios e mun&iacute;cipes interessados em participar, atrav&eacute;s de seus NB, das discuss&otilde;es e proposi&ccedil;&otilde;es de pol&iacute;ticas p&uacute;blicas que contribuam para a melhoria da qualidade de vida do povo josefense.<\/p>\n<p>Centenas de pessoas j&aacute; foram e continuam sendo mobilizadas pelos pr&eacute;-candidatos do PDT de S&atilde;o Jos&eacute; em torno da proposta. Essa ades&atilde;o se desdobrar&aacute; em v&aacute;rios N&uacute;cleos de Base, afirmou o pr&eacute;-candidato Djalma Cardoso, que em sua atividade reuniu simpatizantes e populares que formar&atilde;o 17 NB na cidade.<\/p>\n<p>O secret&aacute;rio-geral do PDT de Palho&ccedil;a, Sr. Agostinho, acompanhou as atividades do PDT de S&atilde;o Jos&eacute; e informou que vai levar a metodologia para o munic&iacute;pio de Palho&ccedil;a.<\/p>\n<p>Carlos Magno, presidente do PDT de S&atilde;o Jos&eacute;, afirmou que a meta do partido &eacute; a funda&ccedil;&atilde;o de no m&iacute;nimo 80 N&uacute;cleos de Base na cidade num curt&iacute;ssimo espa&ccedil;o de tempo.<\/p>\n<p>Paulo Cesar Amante<\/p>\n<!-- AddThis Advanced Settings generic via filter on the_content --><!-- AddThis Share Buttons generic via filter on the_content -->","protected":false},"excerpt":{"rendered":"<p>Mais tr&ecirc;s pr&eacute;-candidatos criaram N&uacute;cleos de Base (NB) em suas regi&otilde;es no munic&iacute;pio de S&atilde;o Jos&eacute;. Mara Aparecida Morais em Barreiros, Wallace Avanir de Souza (Tet&ecirc;) na regi&atilde;o de Serraria e Djalma Cardoso, no bairro Praia Comprida. Em todos os encontros estiveram presentes o presidente do PDT de S&atilde;o Jos&eacute;, Professor Carlos Magno da Silva&#8230;<!-- AddThis Advanced Settings generic via filter on wp_trim_excerpt --><!-- AddThis Share Buttons generic via filter on wp_trim_excerpt --><\/p>\n","protected":false},"author":17,"featured_media":31386,"comment_status":"open","ping_status":"open","sticky":false,"template":"","format":"standard","meta":{"_monsterinsights_skip_tracking":false,"_monsterinsights_sitenote_active":false,"_monsterinsights_sitenote_note":"","_monsterinsights_sitenote_category":0,"_uf_show_specific_survey":0,"_uf_disable_surveys":false,"footnotes":""},"categories":[976],"tags":[],"class_list":["post-31385","post","type-post","status-publish","format-standard","has-post-thumbnail","hentry","category-noticias-em-destaque"],"acf":[],"_links":{"self":[{"href":"https:\/\/pdt-rj.org.br\/index.php\/wp-json\/wp\/v2\/posts\/31385","targetHints":{"allow":["GET"]}}],"collection":[{"href":"https:\/\/pdt-rj.org.br\/index.php\/wp-json\/wp\/v2\/posts"}],"about":[{"href":"https:\/\/pdt-rj.org.br\/index.php\/wp-json\/wp\/v2\/types\/post"}],"author":[{"embeddable":true,"href":"https:\/\/pdt-rj.org.br\/index.php\/wp-json\/wp\/v2\/users\/17"}],"replies":[{"embeddable":true,"href":"https:\/\/pdt-rj.org.br\/index.php\/wp-json\/wp\/v2\/comments?post=31385"}],"version-history":[{"count":1,"href":"https:\/\/pdt-rj.org.br\/index.php\/wp-json\/wp\/v2\/posts\/31385\/revisions"}],"predecessor-version":[{"id":55851,"href":"https:\/\/pdt-rj.org.br\/index.php\/wp-json\/wp\/v2\/posts\/31385\/revisions\/55851"}],"wp:featuredmedia":[{"embeddable":true,"href":"https:\/\/pdt-rj.org.br\/index.php\/wp-json\/wp\/v2\/media\/31386"}],"wp:attachment":[{"href":"https:\/\/pdt-rj.org.br\/index.php\/wp-json\/wp\/v2\/media?parent=31385"}],"wp:term":[{"taxonomy":"category","embeddable":true,"href":"https:\/\/pdt-rj.org.br\/index.php\/wp-json\/wp\/v2\/categories?post=31385"},{"taxonomy":"post_tag","embeddable":true,"href":"https:\/\/pdt-rj.org.br\/index.php\/wp-json\/wp\/v2\/tags?post=31385"}],"curies":[{"name":"wp","href":"https:\/\/api.w.org\/{rel}","templated":true}]}}