{"id":31379,"date":"2012-05-25T06:56:21","date_gmt":"2012-05-25T09:56:21","guid":{"rendered":"http:\/\/www.malungo2.com.br\/pdt\/desenv\/index.php\/sessao-solene-do-congresso-lembra-os-124-anos-da-abolicao-da-escravatura-2\/"},"modified":"2017-10-25T15:03:24","modified_gmt":"2017-10-25T17:03:24","slug":"sessao-solene-do-congresso-lembra-os-124-anos-da-abolicao-da-escravatura-2","status":"publish","type":"post","link":"https:\/\/pdt-rj.org.br\/index.php\/sessao-solene-do-congresso-lembra-os-124-anos-da-abolicao-da-escravatura-2\/","title":{"rendered":"Sess\u00e3o solene do Congresso lembra os 124 anos da Aboli\u00e7\u00e3o da Escravatura"},"content":{"rendered":"<p>O Congresso Nacional prepara sess&atilde;o solene conjunta para lembrar os  124 anos da Aboli&ccedil;&atilde;o da Escravatura. O evento ser&aacute; realizado na  segunda-feira (28), por iniciativa do senador Cristovam Buarque (<span class=\"highlightedSearchTerm\">PDT<\/span>-DF) e do deputado Domingos Dutra (PT-MA). A sess&atilde;o est&aacute; marcada para as 11 horas, no Plen&aacute;rio do Senado.<\/p>\n<p>A Lei &Aacute;urea foi assinada pela Princesa Isabel, em nome do Imperador  Dom Pedro II, em 13 de maio de 1888. At&eacute; ent&atilde;o, os escravos, homens e  mulheres negros trazidos da &Aacute;frica desde o in&iacute;cio da coloniza&ccedil;&atilde;o, e seus  descendentes, n&atilde;o eram considerados cidad&atilde;os. Eram parte do patrim&ocirc;nio  de seus senhores, numa economia essencialmente rural e dependente de sua  for&ccedil;a de trabalho.<\/p>\n<p>Segundo os historiadores, com a aboli&ccedil;&atilde;o, veio a liberdade, mas  tamb&eacute;m a mis&eacute;ria e &nbsp;a exclus&atilde;o. Os antigos senhores de escravos se  adaptaram &agrave; nova realidade contratando a m&atilde;o de obra barata dos  imigrantes europeus rec&eacute;m-chegados. Quanto aos ex-escravos, tiveram que  pagar o pre&ccedil;o alto de viver em uma sociedade conservadora, que n&atilde;o foi  devidamente preparada para acolh&ecirc;-los.<\/p>\n<p>Em pronunciamento no &uacute;ltimo dia 15, o senador Paulo Paim (PT-RS)  afirmou que o Brasil &eacute; a na&ccedil;&atilde;o com mais pessoas negras fora da &Aacute;frica,  devido, sobretudo, ao fato de que 40% dos africanos levados no per&iacute;odo  do tr&aacute;fico de escravos terem sido trazidos a terras brasileiras.<\/p>\n<p>Para o senador, fatores como discrimina&ccedil;&atilde;o racial e diferentes  padr&otilde;es de tratamento e atendimento em setores como a sa&uacute;de, educa&ccedil;&atilde;o,  mercado de trabalho e seguran&ccedil;a p&uacute;blica mostram que &ldquo;temos uma aboli&ccedil;&atilde;o  da escravatura n&atilde;o conclu&iacute;da&rdquo;.<\/p>\n<p>A sess&atilde;o solene do Congresso Nacional est&aacute; marcada para as 11 horas, no Plen&aacute;rio do Senado Federal.<\/p>\n<p>Senado<\/p>\n<!-- AddThis Advanced Settings generic via filter on the_content --><!-- AddThis Share Buttons generic via filter on the_content -->","protected":false},"excerpt":{"rendered":"<p>O Congresso Nacional prepara sess&atilde;o solene conjunta para lembrar os 124 anos da Aboli&ccedil;&atilde;o da Escravatura. O evento ser&aacute; realizado na segunda-feira (28), por iniciativa do senador Cristovam Buarque (PDT-DF) e do deputado Domingos Dutra (PT-MA). A sess&atilde;o est&aacute; marcada para as 11 horas, no Plen&aacute;rio do Senado. A Lei &Aacute;urea foi assinada pela Princesa&#8230;<!-- AddThis Advanced Settings generic via filter on wp_trim_excerpt --><!-- AddThis Share Buttons generic via filter on wp_trim_excerpt --><\/p>\n","protected":false},"author":17,"featured_media":31380,"comment_status":"open","ping_status":"open","sticky":false,"template":"","format":"standard","meta":{"_monsterinsights_skip_tracking":false,"_monsterinsights_sitenote_active":false,"_monsterinsights_sitenote_note":"","_monsterinsights_sitenote_category":0,"_uf_show_specific_survey":0,"_uf_disable_surveys":false,"footnotes":""},"categories":[976],"tags":[],"class_list":["post-31379","post","type-post","status-publish","format-standard","has-post-thumbnail","hentry","category-noticias-em-destaque"],"acf":[],"_links":{"self":[{"href":"https:\/\/pdt-rj.org.br\/index.php\/wp-json\/wp\/v2\/posts\/31379","targetHints":{"allow":["GET"]}}],"collection":[{"href":"https:\/\/pdt-rj.org.br\/index.php\/wp-json\/wp\/v2\/posts"}],"about":[{"href":"https:\/\/pdt-rj.org.br\/index.php\/wp-json\/wp\/v2\/types\/post"}],"author":[{"embeddable":true,"href":"https:\/\/pdt-rj.org.br\/index.php\/wp-json\/wp\/v2\/users\/17"}],"replies":[{"embeddable":true,"href":"https:\/\/pdt-rj.org.br\/index.php\/wp-json\/wp\/v2\/comments?post=31379"}],"version-history":[{"count":1,"href":"https:\/\/pdt-rj.org.br\/index.php\/wp-json\/wp\/v2\/posts\/31379\/revisions"}],"predecessor-version":[{"id":55854,"href":"https:\/\/pdt-rj.org.br\/index.php\/wp-json\/wp\/v2\/posts\/31379\/revisions\/55854"}],"wp:featuredmedia":[{"embeddable":true,"href":"https:\/\/pdt-rj.org.br\/index.php\/wp-json\/wp\/v2\/media\/31380"}],"wp:attachment":[{"href":"https:\/\/pdt-rj.org.br\/index.php\/wp-json\/wp\/v2\/media?parent=31379"}],"wp:term":[{"taxonomy":"category","embeddable":true,"href":"https:\/\/pdt-rj.org.br\/index.php\/wp-json\/wp\/v2\/categories?post=31379"},{"taxonomy":"post_tag","embeddable":true,"href":"https:\/\/pdt-rj.org.br\/index.php\/wp-json\/wp\/v2\/tags?post=31379"}],"curies":[{"name":"wp","href":"https:\/\/api.w.org\/{rel}","templated":true}]}}