{"id":31373,"date":"2012-05-25T06:28:14","date_gmt":"2012-05-25T09:28:14","guid":{"rendered":"http:\/\/www.malungo2.com.br\/pdt\/desenv\/index.php\/governo-se-compromete-a-apresentar-proposta-de-isencao-de-imposto-de-renda-na-plr-ate-segunda-feira-2\/"},"modified":"2017-10-25T15:03:24","modified_gmt":"2017-10-25T17:03:24","slug":"governo-se-compromete-a-apresentar-proposta-de-isencao-de-imposto-de-renda-na-plr-ate-segunda-feira-2","status":"publish","type":"post","link":"https:\/\/pdt-rj.org.br\/index.php\/governo-se-compromete-a-apresentar-proposta-de-isencao-de-imposto-de-renda-na-plr-ate-segunda-feira-2\/","title":{"rendered":"Governo se compromete a apresentar proposta de isen\u00e7\u00e3o de Imposto de Renda na PLR at\u00e9 segunda-feira"},"content":{"rendered":"<p>Os ministros da secretaria-geral da Presid&ecirc;ncia, Gilberto Carvalho, e  da secretaria de rela&ccedil;&otilde;es institucionais, Ideli Salvati, se  comprometeram nesta quarta com representantes das centrais sindicais a  apresentar at&eacute; segunda-feira (28\/05) uma proposta para acabar com o  imposto de renda (IR) na participa&ccedil;&atilde;o dos lucros e resultados (PLR).<\/p>\n<p>Diante do in&iacute;cio das negocia&ccedil;&otilde;es e atendendo ao pedido do governo, o  deputado federal (PDT-SP), Paulo Pereira da Silva, o Paulinho, ir&aacute;  retirar Emenda Parlamentar, inserida na Medida Provis&oacute;ria 556, que pede a  isen&ccedil;&atilde;o do IR na PLR. Vale ressaltar que tal medida estava trancando a  pauta de vota&ccedil;&otilde;es da C&acirc;mara dos Deputados. &#8220;A partir da proposta, o  governo se comprometeu a negociar rapidamente o tema&#8221;, afirmou Paulinho.<\/p>\n<p>&#8220;Acreditamos na sensibilidade social do governo nesta quest&atilde;o da  isen&ccedil;&atilde;o da PLR, que ir&aacute; beneficiar milh&otilde;es de trabalhadores e ir&aacute; ajudar  a fomentar o mercado interno&#8221;, afirma o presidente em exerc&iacute;cio da  For&ccedil;a Sindical, Miguel Torres.<\/p>\n<p>Blog do Paulinho<\/p>\n<!-- AddThis Advanced Settings generic via filter on the_content --><!-- AddThis Share Buttons generic via filter on the_content -->","protected":false},"excerpt":{"rendered":"<p>Os ministros da secretaria-geral da Presid&ecirc;ncia, Gilberto Carvalho, e da secretaria de rela&ccedil;&otilde;es institucionais, Ideli Salvati, se comprometeram nesta quarta com representantes das centrais sindicais a apresentar at&eacute; segunda-feira (28\/05) uma proposta para acabar com o imposto de renda (IR) na participa&ccedil;&atilde;o dos lucros e resultados (PLR). Diante do in&iacute;cio das negocia&ccedil;&otilde;es e atendendo ao&#8230;<!-- AddThis Advanced Settings generic via filter on wp_trim_excerpt --><!-- AddThis Share Buttons generic via filter on wp_trim_excerpt --><\/p>\n","protected":false},"author":17,"featured_media":31374,"comment_status":"open","ping_status":"open","sticky":false,"template":"","format":"standard","meta":{"_monsterinsights_skip_tracking":false,"_monsterinsights_sitenote_active":false,"_monsterinsights_sitenote_note":"","_monsterinsights_sitenote_category":0,"_uf_show_specific_survey":0,"_uf_disable_surveys":false,"footnotes":""},"categories":[976],"tags":[],"class_list":["post-31373","post","type-post","status-publish","format-standard","has-post-thumbnail","hentry","category-noticias-em-destaque"],"acf":[],"_links":{"self":[{"href":"https:\/\/pdt-rj.org.br\/index.php\/wp-json\/wp\/v2\/posts\/31373","targetHints":{"allow":["GET"]}}],"collection":[{"href":"https:\/\/pdt-rj.org.br\/index.php\/wp-json\/wp\/v2\/posts"}],"about":[{"href":"https:\/\/pdt-rj.org.br\/index.php\/wp-json\/wp\/v2\/types\/post"}],"author":[{"embeddable":true,"href":"https:\/\/pdt-rj.org.br\/index.php\/wp-json\/wp\/v2\/users\/17"}],"replies":[{"embeddable":true,"href":"https:\/\/pdt-rj.org.br\/index.php\/wp-json\/wp\/v2\/comments?post=31373"}],"version-history":[{"count":1,"href":"https:\/\/pdt-rj.org.br\/index.php\/wp-json\/wp\/v2\/posts\/31373\/revisions"}],"predecessor-version":[{"id":55857,"href":"https:\/\/pdt-rj.org.br\/index.php\/wp-json\/wp\/v2\/posts\/31373\/revisions\/55857"}],"wp:featuredmedia":[{"embeddable":true,"href":"https:\/\/pdt-rj.org.br\/index.php\/wp-json\/wp\/v2\/media\/31374"}],"wp:attachment":[{"href":"https:\/\/pdt-rj.org.br\/index.php\/wp-json\/wp\/v2\/media?parent=31373"}],"wp:term":[{"taxonomy":"category","embeddable":true,"href":"https:\/\/pdt-rj.org.br\/index.php\/wp-json\/wp\/v2\/categories?post=31373"},{"taxonomy":"post_tag","embeddable":true,"href":"https:\/\/pdt-rj.org.br\/index.php\/wp-json\/wp\/v2\/tags?post=31373"}],"curies":[{"name":"wp","href":"https:\/\/api.w.org\/{rel}","templated":true}]}}