{"id":31295,"date":"2012-05-22T10:57:04","date_gmt":"2012-05-22T13:57:04","guid":{"rendered":"http:\/\/www.malungo2.com.br\/pdt\/desenv\/index.php\/combate-aos-paraisos-fiscais-na-pauta-das-discussoes-em-brasilia-2\/"},"modified":"2017-10-25T15:03:53","modified_gmt":"2017-10-25T17:03:53","slug":"combate-aos-paraisos-fiscais-na-pauta-das-discussoes-em-brasilia-2","status":"publish","type":"post","link":"https:\/\/pdt-rj.org.br\/index.php\/combate-aos-paraisos-fiscais-na-pauta-das-discussoes-em-brasilia-2\/","title":{"rendered":"Combate aos Para\u00edsos Fiscais na pauta das discuss\u00f5es em Bras\u00edlia"},"content":{"rendered":"<p><span style=\"font-size: small\"><span style=\"line-height: 115%\"><span style=\"font-family: helvetica\">Na  pr&oacute;xima quinta-feira, 24\/05, na C&acirc;mara dos Deputados, ser&aacute; realizada a  &ldquo;Mesa de Di&aacute;logos Fim aos Para&iacute;sos Fiscais&rdquo;. O debate faz parte das  a&ccedil;&otilde;es da campanha&nbsp;<\/span><\/span><strong style=\"font-family: helvetica\"><em><a href=\"http:\/\/www.fimaosparaisosfiscais.org\/\" target=\"_blank\">Fim aos Para&iacute;sos Fiscais<\/a><\/em><\/strong><span style=\"line-height: 115%;font-family: helvetica\">&nbsp;2012, lan&ccedil;ada na semana passada no Brasil, que <\/span><span style=\"line-height: 115%;font-family: helvetica\">exige  que os l&iacute;deres do G20 adotem medidas concretas para por fim ao sigilo  absoluto de jurisdi&ccedil;&otilde;es em mat&eacute;ria fiscal. A proposta da Mesa de  Di&aacute;logos &eacute; viabilizar&nbsp;<\/span><\/span><span style=\"line-height: 115%;font-family: helvetica;font-size: medium\">a discuss&atilde;o desta agenda entre a sociedade civil, o Poder Executivo e o Parlamento.<\/span><\/p>\n<p><span style=\"line-height: 115%\"><span style=\"font-family: helvetica;font-size: small\">A  inten&ccedil;&atilde;o da sociedade civil &eacute; ouvir do Executivo como o governo  brasileiro tem conduzido o tema fim do sigilo fiscal absoluto dentro das  negocia&ccedil;&otilde;es dos l&iacute;deres do G20 e no &acirc;mbito do F&oacute;rum Global sobre  Transpar&ecirc;ncia, da Organiza&ccedil;&atilde;o para Coopera&ccedil;&atilde;o e Desenvolvimento  Econ&ocirc;mico (OCDE).&nbsp;<span>&nbsp;<\/span>Por outro lado, a Mesa de Di&aacute;logos tem o  objetivo de proporcionar a outros atores da sociedade brasileira a  oportunidade de apresentar sua avalia&ccedil;&atilde;o e seus posicionamentos sobre  essa agenda de transpar&ecirc;ncia.<\/span><\/span><\/p>\n<p><span style=\"font-family: helvetica;font-size: small\">Para  discutir esses e outros assuntos relacionados aos para&iacute;sos fiscais, a  Mesa de Di&aacute;logos contar&aacute; com os seguintes representantes:&nbsp;<\/span><\/p>\n<p><em style=\"line-height: 17px;font-family: helvetica;font-size: medium\">&nbsp; &#8211; Deputado Paulo Rubem Santiago (PDT-PE);&nbsp;<\/em><span><span style=\"font-family: helvetica;font-size: small\"><em>&nbsp;&nbsp;<\/em><\/span><\/span><\/p>\n<p><span><span style=\"font-family: helvetica;font-size: small\"><em>&nbsp; &#8211; Celso Arruda Fran&ccedil;a, Chefe da Divis&atilde;o de Coopera&ccedil;&atilde;o Financeira e Tribut&aacute;ria (DFC) do &nbsp;Itamaraty;&nbsp;<\/em><\/span><\/span><\/p>\n<p><span><span style=\"font-family: helvetica;font-size: small\"><em>&nbsp;<\/em><\/span><\/span><em style=\"font-family: helvetica;font-size: medium\">&nbsp;&#8211; Luc&iacute;dio Bicalho, assessor do Instituto de Estudos Socioecon&ocirc;micos e representante da Campanha Fim aos Para&iacute;sos Fiscais&nbsp;<\/em><\/p>\n<p><span><span style=\"font-family: helvetica;font-size: small\"><em>&nbsp; &#8211; Pedro Gontijo, Secret&aacute;rio Executivo da Comiss&atilde;o Brasileira Justi&ccedil;a e Paz (CBJP)&nbsp;<\/em><\/span><\/span><\/p>\n<p><span><span style=\"font-family: helvetica;font-size: small\"><em>&nbsp; &#8211; Adhemar Mineiro, assessor de Rela&ccedil;&otilde;es Internacionais do DIEESE &nbsp;(moderador).<\/em><\/span><\/span><\/p>\n<p><span style=\"font-family: helvetica;font-size: small\">A  Campanha conta com a participa&ccedil;&atilde;o de mais de 50 organiza&ccedil;&otilde;es de  diferentes pa&iacute;ses em todo o mundo. A Mesa de Di&aacute;logos &eacute; uma realiza&ccedil;&atilde;o  do Mandato do Deputado Paulo Rubem Santiago (PDT-PE), do Instituto de  Estudos Socioecon&ocirc;micos (INESC), da Christian Aid Brasil, da Comiss&atilde;o  Brasileira de Justi&ccedil;a e Paz (CBJP), do Instituto Justi&ccedil;a Fiscal, do  Movimento F&eacute; e Alegria Brasil, do Movimento dos Trabalhadores Rurais Sem  Terra (MST) e do&nbsp;<span style=\"line-height: 115%\">Sindicato Nacional dos Procuradores da Fazenda Nacional- SINPROFAZ.&nbsp;<\/span><\/span><\/p>\n<p><span style=\"font-family: helvetica;font-size: small\"><br \/><\/span><\/p>\n<p><span style=\"font-family: helvetica;font-size: small\">A  Campanha tem ainda como meta enviar o m&aacute;ximo de assinaturas da  sociedade para os l&iacute;deres do G20 at&eacute; a pr&oacute;xima C&uacute;pula, que acontecer&aacute; no  M&eacute;xico em junho deste ano. Agora &eacute; a vez do Brasil participar e exigir  que o G20 acabe definitivamente com o &ldquo;sigilo dos para&iacute;sos fiscais&rdquo;.  Para participar, o cidad&atilde;o pode acessar o site <a href=\"http:\/\/www.fimaosparaisosfiscais.org\/\" target=\"_blank\">Fim aos Para&iacute;sos Fiscais<\/a>&nbsp;(<a href=\"http:\/\/www.fimaosparaisosfiscais.org\/\" target=\"_blank\">www.fimaosparaisosfiscais.org<\/a>) e enviar uma mensagem aos l&iacute;deres mundiais, no caso do Brasil, a mensagem ir&aacute; diretamente para a Dilma Rouss<\/span><\/p>\n<p>Assessoria deputado<\/p>\n<!-- AddThis Advanced Settings generic via filter on the_content --><!-- AddThis Share Buttons generic via filter on the_content -->","protected":false},"excerpt":{"rendered":"<p>Na pr&oacute;xima quinta-feira, 24\/05, na C&acirc;mara dos Deputados, ser&aacute; realizada a &ldquo;Mesa de Di&aacute;logos Fim aos Para&iacute;sos Fiscais&rdquo;. O debate faz parte das a&ccedil;&otilde;es da campanha&nbsp;Fim aos Para&iacute;sos Fiscais&nbsp;2012, lan&ccedil;ada na semana passada no Brasil, que exige que os l&iacute;deres do G20 adotem medidas concretas para por fim ao sigilo absoluto de jurisdi&ccedil;&otilde;es em mat&eacute;ria&#8230;<!-- AddThis Advanced Settings generic via filter on wp_trim_excerpt --><!-- AddThis Share Buttons generic via filter on wp_trim_excerpt --><\/p>\n","protected":false},"author":17,"featured_media":31296,"comment_status":"open","ping_status":"open","sticky":false,"template":"","format":"standard","meta":{"_monsterinsights_skip_tracking":false,"_monsterinsights_sitenote_active":false,"_monsterinsights_sitenote_note":"","_monsterinsights_sitenote_category":0,"_uf_show_specific_survey":0,"_uf_disable_surveys":false,"footnotes":""},"categories":[976],"tags":[],"class_list":["post-31295","post","type-post","status-publish","format-standard","has-post-thumbnail","hentry","category-noticias-em-destaque"],"acf":[],"_links":{"self":[{"href":"https:\/\/pdt-rj.org.br\/index.php\/wp-json\/wp\/v2\/posts\/31295","targetHints":{"allow":["GET"]}}],"collection":[{"href":"https:\/\/pdt-rj.org.br\/index.php\/wp-json\/wp\/v2\/posts"}],"about":[{"href":"https:\/\/pdt-rj.org.br\/index.php\/wp-json\/wp\/v2\/types\/post"}],"author":[{"embeddable":true,"href":"https:\/\/pdt-rj.org.br\/index.php\/wp-json\/wp\/v2\/users\/17"}],"replies":[{"embeddable":true,"href":"https:\/\/pdt-rj.org.br\/index.php\/wp-json\/wp\/v2\/comments?post=31295"}],"version-history":[{"count":1,"href":"https:\/\/pdt-rj.org.br\/index.php\/wp-json\/wp\/v2\/posts\/31295\/revisions"}],"predecessor-version":[{"id":55894,"href":"https:\/\/pdt-rj.org.br\/index.php\/wp-json\/wp\/v2\/posts\/31295\/revisions\/55894"}],"wp:featuredmedia":[{"embeddable":true,"href":"https:\/\/pdt-rj.org.br\/index.php\/wp-json\/wp\/v2\/media\/31296"}],"wp:attachment":[{"href":"https:\/\/pdt-rj.org.br\/index.php\/wp-json\/wp\/v2\/media?parent=31295"}],"wp:term":[{"taxonomy":"category","embeddable":true,"href":"https:\/\/pdt-rj.org.br\/index.php\/wp-json\/wp\/v2\/categories?post=31295"},{"taxonomy":"post_tag","embeddable":true,"href":"https:\/\/pdt-rj.org.br\/index.php\/wp-json\/wp\/v2\/tags?post=31295"}],"curies":[{"name":"wp","href":"https:\/\/api.w.org\/{rel}","templated":true}]}}