{"id":31265,"date":"2012-05-21T11:34:17","date_gmt":"2012-05-21T14:34:17","guid":{"rendered":"http:\/\/www.malungo2.com.br\/pdt\/desenv\/index.php\/audiencia-discutira-geracao-de-empregos-durante-a-rio20-2\/"},"modified":"2017-10-25T15:04:08","modified_gmt":"2017-10-25T17:04:08","slug":"audiencia-discutira-geracao-de-empregos-durante-a-rio20-2","status":"publish","type":"post","link":"https:\/\/pdt-rj.org.br\/index.php\/audiencia-discutira-geracao-de-empregos-durante-a-rio20-2\/","title":{"rendered":"Audi\u00eancia discutir\u00e1 gera\u00e7\u00e3o de empregos durante a Rio+20"},"content":{"rendered":"<p>A Comiss&atilde;o de Trabalho, de Administra&ccedil;&atilde;o e  Servi&ccedil;o P&uacute;blico realizar&aacute; nesta ter&ccedil;a-feira (22) audi&ecirc;ncia p&uacute;blica para  discutir a gera&ccedil;&atilde;o de empregos no setor hoteleiro do Pa&iacute;s durante a  realiza&ccedil;&atilde;o da Confer&ecirc;ncia das Na&ccedil;&otilde;es Unidas sobre Desenvolvimento  Sustent&aacute;vel &#8211;  Rio+20.<\/p>\n<div id=\"conteudoNoticia\">\n<p>A audi&ecirc;ncia foi proposta pelo presidente da comiss&atilde;o, deputado  Sebasti&atilde;o Bala Rocha (PDT-P). &ldquo;A Rio+20 criar&aacute; milhares de empregos no  Brasil, sendo que grande parte dessa oferta ser&aacute; gerada no setor  hoteleiro. Em raz&atilde;o disso, &eacute; importante debater nesta comiss&atilde;o tanto a  oferta quanto a demanda de emprego, assim como o impacto nos pre&ccedil;os dos  pacotes e di&aacute;rias dispon&iacute;veis para o evento&rdquo;, disse ele.<\/p>\n<p>Foram convidados: <br \/> &#8211; o ministro do Turismo, Gast&atilde;o Vieira; <br \/> &#8211; o subsecret&aacute;rio-geral de Meio Ambiente, Energia, Ci&ecirc;ncia e Tecnologia do Minist&eacute;rio das Rela&ccedil;&otilde;es Exteriores, Luiz Machado; <br \/> &#8211; o presidente da Associa&ccedil;&atilde;o Brasileira de Ag&ecirc;ncias de Viagens (Abav), Ant&ocirc;nio Monteiro de Azevedo; <br \/> &#8211; o presidente da Confedera&ccedil;&atilde;o Nacional do Com&eacute;rcio de Bens (CNC), Ant&ocirc;nio de Oliveira Santos; <br \/> &#8211; o presidente da Federa&ccedil;&atilde;o Brasileira de Hospedagem e Alimenta&ccedil;&atilde;o (Fbha), Alexandre Abreu; <br \/> &#8211; o presidente da Confedera&ccedil;&atilde;o Nacional do Turismo (CNTur), Nelson de Abreu Pinto.<\/p>\n<p>A reuni&atilde;o ser&aacute; realizada &agrave;s 14h30, no Plen&aacute;rio 12.<\/p>\n<\/div>\n<p>Ag\u00eancia C\u00e2mara<\/p>\n<!-- AddThis Advanced Settings generic via filter on the_content --><!-- AddThis Share Buttons generic via filter on the_content -->","protected":false},"excerpt":{"rendered":"<p>A Comiss&atilde;o de Trabalho, de Administra&ccedil;&atilde;o e Servi&ccedil;o P&uacute;blico realizar&aacute; nesta ter&ccedil;a-feira (22) audi&ecirc;ncia p&uacute;blica para discutir a gera&ccedil;&atilde;o de empregos no setor hoteleiro do Pa&iacute;s durante a realiza&ccedil;&atilde;o da Confer&ecirc;ncia das Na&ccedil;&otilde;es Unidas sobre Desenvolvimento Sustent&aacute;vel &#8211; Rio+20. A audi&ecirc;ncia foi proposta pelo presidente da comiss&atilde;o, deputado Sebasti&atilde;o Bala Rocha (PDT-P). &ldquo;A Rio+20 criar&aacute;&#8230;<!-- AddThis Advanced Settings generic via filter on wp_trim_excerpt --><!-- AddThis Share Buttons generic via filter on wp_trim_excerpt --><\/p>\n","protected":false},"author":17,"featured_media":31266,"comment_status":"open","ping_status":"open","sticky":false,"template":"","format":"standard","meta":{"_monsterinsights_skip_tracking":false,"_monsterinsights_sitenote_active":false,"_monsterinsights_sitenote_note":"","_monsterinsights_sitenote_category":0,"_uf_show_specific_survey":0,"_uf_disable_surveys":false,"footnotes":""},"categories":[976],"tags":[],"class_list":["post-31265","post","type-post","status-publish","format-standard","has-post-thumbnail","hentry","category-noticias-em-destaque"],"acf":[],"_links":{"self":[{"href":"https:\/\/pdt-rj.org.br\/index.php\/wp-json\/wp\/v2\/posts\/31265","targetHints":{"allow":["GET"]}}],"collection":[{"href":"https:\/\/pdt-rj.org.br\/index.php\/wp-json\/wp\/v2\/posts"}],"about":[{"href":"https:\/\/pdt-rj.org.br\/index.php\/wp-json\/wp\/v2\/types\/post"}],"author":[{"embeddable":true,"href":"https:\/\/pdt-rj.org.br\/index.php\/wp-json\/wp\/v2\/users\/17"}],"replies":[{"embeddable":true,"href":"https:\/\/pdt-rj.org.br\/index.php\/wp-json\/wp\/v2\/comments?post=31265"}],"version-history":[{"count":1,"href":"https:\/\/pdt-rj.org.br\/index.php\/wp-json\/wp\/v2\/posts\/31265\/revisions"}],"predecessor-version":[{"id":55908,"href":"https:\/\/pdt-rj.org.br\/index.php\/wp-json\/wp\/v2\/posts\/31265\/revisions\/55908"}],"wp:featuredmedia":[{"embeddable":true,"href":"https:\/\/pdt-rj.org.br\/index.php\/wp-json\/wp\/v2\/media\/31266"}],"wp:attachment":[{"href":"https:\/\/pdt-rj.org.br\/index.php\/wp-json\/wp\/v2\/media?parent=31265"}],"wp:term":[{"taxonomy":"category","embeddable":true,"href":"https:\/\/pdt-rj.org.br\/index.php\/wp-json\/wp\/v2\/categories?post=31265"},{"taxonomy":"post_tag","embeddable":true,"href":"https:\/\/pdt-rj.org.br\/index.php\/wp-json\/wp\/v2\/tags?post=31265"}],"curies":[{"name":"wp","href":"https:\/\/api.w.org\/{rel}","templated":true}]}}