{"id":28913,"date":"2011-11-17T15:32:13","date_gmt":"2011-11-17T17:32:13","guid":{"rendered":"http:\/\/pdt-rj.org.br\/index.php\/lupi-afirma-que-nao-mentiu-e-que-as-vezes-a-memoria-falha-2\/"},"modified":"2011-11-17T15:32:13","modified_gmt":"2011-11-17T17:32:13","slug":"lupi-afirma-que-nao-mentiu-e-que-as-vezes-a-memoria-falha-2","status":"publish","type":"post","link":"https:\/\/pdt-rj.org.br\/index.php\/lupi-afirma-que-nao-mentiu-e-que-as-vezes-a-memoria-falha-2\/","title":{"rendered":"Lupi afirma que n\u00e3o mentiu e que \u00e0s vezes a mem\u00f3ria falha"},"content":{"rendered":"<p>&#8220;A mem&oacute;ria &agrave;s vezes falha, eu sou humano&#8221;, disse o ministro Carlos Lupi em audi&ecirc;ncia hoje pela manh&atilde; no Senado, quando afirmou n&atilde;o ter mentido na C&acirc;mara na semana passada. &ldquo;Meu erro foi n&atilde;o checar com a apura&ccedil;&atilde;o que devia&#8221;, disse Lupi aos membros da Comiss&atilde;o de Assuntos Sociais ao prestar esclarecimentos sobre den&uacute;ncias de irregularidades na pasta.<\/p>\n<p>O ministro do Trabalho falou tamb&eacute;m &nbsp;&agrave; Comiss&atilde;o que &eacute; preciso debater o papel da imprensa. &ldquo;Tenho plena consci&ecirc;ncia do papel da informa&ccedil;&atilde;o, mas nenhum ser humano pode ficar sem o direito de resposta. N&atilde;o podemos viver em uma sociedade onde se editam palavras&rdquo;, ressaltou.<\/p>\n<p>Sobre a utiliza&ccedil;&atilde;o ou n&atilde;o de avi&atilde;o na viagem ao Maranh&atilde;o, Lupi garantiu que foi de carona com o ex-secret&aacute;rio do MTE, Ezequiel Nascimento. &nbsp;&ldquo;N&atilde;o pedi aeronave, n&atilde;o solicitei&rdquo;.<\/p>\n<p>Durante a audi&ecirc;ncia, o ministro falou que viveu nesses &uacute;ltimos cinco dias um <em>linchamento p&uacute;blico<\/em>. &nbsp;&ldquo;Quero saber do que estou sendo acusado&rdquo;.<\/p>\n<p>Indagado sobre o recebimento de di&aacute;rias do minist&eacute;rio para participar de agenda oficial e partid&aacute;ria, Lupi disse que n&atilde;o saberia responder no momento, mas se for considerada di&aacute;ria irregular, vai devolver o valor aos cofres p&uacute;blicos.<\/p>\n<p><strong>A posi&ccedil;&atilde;o dos senadores &#8211; <\/strong>O senador Pedro Taques afirmou que o ministro &#8211; independentemente da veracidade das acusa&ccedil;&otilde;es &#8211; deveria se afastar da pasta enquanto o Judici&aacute;rio e outros &oacute;rg&atilde;os se encarregam das investiga&ccedil;&otilde;es. Pedro Taques observou que a presun&ccedil;&atilde;o de inoc&ecirc;ncia &eacute; direito fundamental, mas observou que o aspecto pol&iacute;tico do problema tem um tempo diferente do aspecto jur&iacute;dico.<\/p>\n<p>Para o senador Acir Gurgacz, Lupi&nbsp; sai fortalecido da audi&ecirc;ncia e a sua perman&ecirc;ncia no minist&eacute;rio &eacute; muito importante para o PDT. &ldquo;Sabemos de sua lisura e vontade de trabalhar&rdquo;.<\/p>\n<p>J&aacute; o senador Cristovam Buarque elogiou o trabalho do ministro, mas disse que o PDT deveria repensar se n&atilde;o &eacute; a hora de deixar o governo e n&atilde;o indicar sucessor.<\/p>\n<p>Em resposta aos senadores, Lupi disse que a presen&ccedil;a do PDT no governo &eacute; afirma&ccedil;&atilde;o da causa trabalhista. &ldquo;Nosso papel, quanto partido, &eacute; ter a capacidade de permanentemente ser fiel &agrave; sua hist&oacute;ria. Temos um lado, o lado do trabalhador&rdquo;, afirmou.<\/p>\n<p>Ao final da audi&ecirc;ncia Lupi insistiu que s&oacute; queria o direito de falar. &ldquo;A gente n&atilde;o pode condenar as pessoas sem prova. N&atilde;o pode ter uma p&aacute;gina inteira acusando e tr&ecirc;s linhas de defesa.&rdquo;<\/p>\n<p><a href=\"\/index.php\/articles\/lupi-a-hora-da-verdade\">Leia tamb&eacute;m Augusto Ribeiro<\/a><\/p>\n<!-- AddThis Advanced Settings generic via filter on the_content --><!-- AddThis Share Buttons generic via filter on the_content -->","protected":false},"excerpt":{"rendered":"<p>&#8220;A mem&oacute;ria &agrave;s vezes falha, eu sou humano&#8221;, disse o ministro Carlos Lupi em audi&ecirc;ncia hoje pela manh&atilde; no Senado, quando afirmou n&atilde;o ter mentido na C&acirc;mara na semana passada. &ldquo;Meu erro foi n&atilde;o checar com a apura&ccedil;&atilde;o que devia&#8221;, disse Lupi aos membros da Comiss&atilde;o de Assuntos Sociais ao prestar esclarecimentos sobre den&uacute;ncias de&#8230;<!-- AddThis Advanced Settings generic via filter on wp_trim_excerpt --><!-- AddThis Share Buttons generic via filter on wp_trim_excerpt --><\/p>\n","protected":false},"author":17,"featured_media":28914,"comment_status":"open","ping_status":"open","sticky":false,"template":"","format":"standard","meta":{"_monsterinsights_skip_tracking":false,"_monsterinsights_sitenote_active":false,"_monsterinsights_sitenote_note":"","_monsterinsights_sitenote_category":0,"_uf_show_specific_survey":0,"_uf_disable_surveys":false,"footnotes":""},"categories":[1401],"tags":[],"class_list":["post-28913","post","type-post","status-publish","format-standard","has-post-thumbnail","hentry","category-nacional"],"acf":[],"_links":{"self":[{"href":"https:\/\/pdt-rj.org.br\/index.php\/wp-json\/wp\/v2\/posts\/28913","targetHints":{"allow":["GET"]}}],"collection":[{"href":"https:\/\/pdt-rj.org.br\/index.php\/wp-json\/wp\/v2\/posts"}],"about":[{"href":"https:\/\/pdt-rj.org.br\/index.php\/wp-json\/wp\/v2\/types\/post"}],"author":[{"embeddable":true,"href":"https:\/\/pdt-rj.org.br\/index.php\/wp-json\/wp\/v2\/users\/17"}],"replies":[{"embeddable":true,"href":"https:\/\/pdt-rj.org.br\/index.php\/wp-json\/wp\/v2\/comments?post=28913"}],"version-history":[{"count":0,"href":"https:\/\/pdt-rj.org.br\/index.php\/wp-json\/wp\/v2\/posts\/28913\/revisions"}],"wp:featuredmedia":[{"embeddable":true,"href":"https:\/\/pdt-rj.org.br\/index.php\/wp-json\/wp\/v2\/media\/28914"}],"wp:attachment":[{"href":"https:\/\/pdt-rj.org.br\/index.php\/wp-json\/wp\/v2\/media?parent=28913"}],"wp:term":[{"taxonomy":"category","embeddable":true,"href":"https:\/\/pdt-rj.org.br\/index.php\/wp-json\/wp\/v2\/categories?post=28913"},{"taxonomy":"post_tag","embeddable":true,"href":"https:\/\/pdt-rj.org.br\/index.php\/wp-json\/wp\/v2\/tags?post=28913"}],"curies":[{"name":"wp","href":"https:\/\/api.w.org\/{rel}","templated":true}]}}