{"id":28807,"date":"2011-11-10T14:43:23","date_gmt":"2011-11-10T16:43:23","guid":{"rendered":"http:\/\/pdt-rj.org.br\/index.php\/nao-tem-esquema-de-corrupcao-no-ministerio-reafirma-lupi-2\/"},"modified":"2011-11-10T14:43:23","modified_gmt":"2011-11-10T16:43:23","slug":"nao-tem-esquema-de-corrupcao-no-ministerio-reafirma-lupi-2","status":"publish","type":"post","link":"https:\/\/pdt-rj.org.br\/index.php\/nao-tem-esquema-de-corrupcao-no-ministerio-reafirma-lupi-2\/","title":{"rendered":"&#8220;N\u00e3o tem esquema de corrup\u00e7\u00e3o no Minist\u00e9rio&#8221;, reafirma Lupi"},"content":{"rendered":"<div id=\"conteudoNoticia\">\n<p>O ministro do Trabalho, Carlos Lupi, reafirmou nesta quinta-feira, na  C&acirc;mara dos Deputados, que n&atilde;o h&aacute; esquema de corrup&ccedil;&atilde;o no MTE. Segundo ele, &ldquo;se algu&eacute;m fez  algo&rdquo; no Minist&eacute;rio do Trabalho, foi por conta pr&oacute;pria e deve pagar por  isso.<\/p>\n<div id=\"conteudoNoticia\">Para Lupi, as den&uacute;ncias s&atilde;o vazias e mostram que n&atilde;o houve  propina, pois as empresas denunciantes n&atilde;o receberam dinheiro do Minist&eacute;rio.<\/div>\n<div>&#8220;Apare&ccedil;a a prova, apresente-se quem levou dinheiro. Eu n&atilde;o  compactuo com a corrup&ccedil;&atilde;o. Quero corruptor e corrupto na cadeia&#8221;, disse.<\/div>\n<p>Durante a audi&ecirc;ncia na Comiss&atilde;o de Fiscaliza&ccedil;&atilde;o Financeira e  Controle, o ministro voltou a pedir desculpas &agrave; presidente Dilma  Rousseff por ter dito que s&oacute; sairia &ldquo;&agrave; bala&rdquo; do minist&eacute;rio. &#8220;Eu gosto de  fazer o debate, &agrave;s vezes exagero. Pe&ccedil;o desculpas p&uacute;blicas. Presidente  Dilma, me desculpe se fui ofensivo, eu te amo&#8221;, disse.<\/p>\n<p><strong>Total confian&ccedil;a<\/strong><br \/> Lupi defendeu seu ex-chefe de gabinete Marcelo Panella, seu amigo  pessoal, que se afastou do minist&eacute;rio em agosto. Ele &eacute; acusado de cobrar  de 5% a 15% do valor do contrato com ONGs para restabelecer repasses  suspensos por irregularidades. Panella &eacute; tesoureiro do PDT.<\/p>\n<p>&ldquo;Tenho absoluta e total confian&ccedil;a em Marcelo Panella. Coloco a minha  fun&ccedil;&atilde;o e vida &agrave; disposi&ccedil;&atilde;o de quem quer investigar o Marcelo&rdquo;, disse  Lupi, em resposta a deputados da oposi&ccedil;&atilde;o que questionaram a integridade  do ex-assessor.<\/p>\n<p>O deputado Ronaldo Caiado (DEM-GO) criticou a vinda do ministro &agrave;  C&acirc;mara antes de os parlamentares ouvirem os assessores que s&atilde;o alvo de  den&uacute;ncias. &ldquo;Gostaria de convidar o ministro em outra oportunidade,  depois de ouvir todos os denunciados&rdquo;, disse.<\/p>\n<p>Lupi disse que o que est&atilde;o apresentando hoje &eacute; antigo e &#8220;fomos n&oacute;s que apontamos.  Isso &eacute; caf&eacute; requentado. Agora vou botar tudo no portal do minist&eacute;rio,  porque n&atilde;o posso mais viver nessa ang&uacute;stia.&rdquo;, afirmou.<\/p>\n<p><strong>Conv&ecirc;nios<\/strong><br \/> O ministro tamb&eacute;m rebateu criticas de parlamentares sobre a suposta  demora da Pasta em analisar presta&ccedil;&otilde;es de contas de contratos. O  Tribunal de Contas da Uni&atilde;o (TCU) solicitou ao minist&eacute;rio que fa&ccedil;a um  cronograma para reduzir o n&uacute;mero de contratos sem registro no Sistema  Integrado de Administra&ccedil;&atilde;o Financeira do governo federal (Siafi).<\/p>\n<p>O deputado Fernando Francischini (PSDB-PR) questionou o ministro  sobre o porqu&ecirc; da demora na presta&ccedil;&atilde;o de contas. Lupi garantiu que o Minist&eacute;rio do Trabalho &eacute; o que tem o menor n&uacute;mero de contratos com  presta&ccedil;&atilde;o de contas a apresentar. De acordo com ele,  de 2003 a 2007, a Pasta firmou 491 conv&ecirc;nios com organiza&ccedil;&otilde;es n&atilde;o  governamentais. Desse total, 97 ainda est&atilde;o em execu&ccedil;&atilde;o, seis apresentam  pend&ecirc;ncias, dez est&atilde;o em an&aacute;lise, quatro presta&ccedil;&otilde;es de contas foram  rejeitadas e oito precisam apresentar documentos adicionais.<\/p>\n<p>O ministro argumentou ainda que as presta&ccedil;&otilde;es de contas s&atilde;o feitas em  etapas e isso atrasa a entrega de informa&ccedil;&otilde;es. Ele lembrou que todos os  procedimentos s&atilde;o acompanhados pelo minist&eacute;rio e pela  Controladoria-Geral da Uni&atilde;o (CGU).<\/p>\n<\/div>\n<p>Com informa\u00e7\u00f5es da Agencia C\u00e2mara<\/p>\n<!-- AddThis Advanced Settings generic via filter on the_content --><!-- AddThis Share Buttons generic via filter on the_content -->","protected":false},"excerpt":{"rendered":"<p>O ministro do Trabalho, Carlos Lupi, reafirmou nesta quinta-feira, na C&acirc;mara dos Deputados, que n&atilde;o h&aacute; esquema de corrup&ccedil;&atilde;o no MTE. Segundo ele, &ldquo;se algu&eacute;m fez algo&rdquo; no Minist&eacute;rio do Trabalho, foi por conta pr&oacute;pria e deve pagar por isso. Para Lupi, as den&uacute;ncias s&atilde;o vazias e mostram que n&atilde;o houve propina, pois as empresas&#8230;<!-- AddThis Advanced Settings generic via filter on wp_trim_excerpt --><!-- AddThis Share Buttons generic via filter on wp_trim_excerpt --><\/p>\n","protected":false},"author":17,"featured_media":28808,"comment_status":"open","ping_status":"open","sticky":false,"template":"","format":"standard","meta":{"_monsterinsights_skip_tracking":false,"_monsterinsights_sitenote_active":false,"_monsterinsights_sitenote_note":"","_monsterinsights_sitenote_category":0,"_uf_show_specific_survey":0,"_uf_disable_surveys":false,"footnotes":""},"categories":[1459,1401],"tags":[],"class_list":["post-28807","post","type-post","status-publish","format-standard","has-post-thumbnail","hentry","category-congresso","category-nacional"],"acf":[],"_links":{"self":[{"href":"https:\/\/pdt-rj.org.br\/index.php\/wp-json\/wp\/v2\/posts\/28807","targetHints":{"allow":["GET"]}}],"collection":[{"href":"https:\/\/pdt-rj.org.br\/index.php\/wp-json\/wp\/v2\/posts"}],"about":[{"href":"https:\/\/pdt-rj.org.br\/index.php\/wp-json\/wp\/v2\/types\/post"}],"author":[{"embeddable":true,"href":"https:\/\/pdt-rj.org.br\/index.php\/wp-json\/wp\/v2\/users\/17"}],"replies":[{"embeddable":true,"href":"https:\/\/pdt-rj.org.br\/index.php\/wp-json\/wp\/v2\/comments?post=28807"}],"version-history":[{"count":0,"href":"https:\/\/pdt-rj.org.br\/index.php\/wp-json\/wp\/v2\/posts\/28807\/revisions"}],"wp:featuredmedia":[{"embeddable":true,"href":"https:\/\/pdt-rj.org.br\/index.php\/wp-json\/"}],"wp:attachment":[{"href":"https:\/\/pdt-rj.org.br\/index.php\/wp-json\/wp\/v2\/media?parent=28807"}],"wp:term":[{"taxonomy":"category","embeddable":true,"href":"https:\/\/pdt-rj.org.br\/index.php\/wp-json\/wp\/v2\/categories?post=28807"},{"taxonomy":"post_tag","embeddable":true,"href":"https:\/\/pdt-rj.org.br\/index.php\/wp-json\/wp\/v2\/tags?post=28807"}],"curies":[{"name":"wp","href":"https:\/\/api.w.org\/{rel}","templated":true}]}}