{"id":28801,"date":"2011-11-10T12:25:09","date_gmt":"2011-11-10T14:25:09","guid":{"rendered":"http:\/\/pdt-rj.org.br\/index.php\/eu-nao-compactuo-com-a-corrupcao-diz-lupi-na-camara-2\/"},"modified":"2011-11-10T12:25:09","modified_gmt":"2011-11-10T14:25:09","slug":"eu-nao-compactuo-com-a-corrupcao-diz-lupi-na-camara-2","status":"publish","type":"post","link":"https:\/\/pdt-rj.org.br\/index.php\/eu-nao-compactuo-com-a-corrupcao-diz-lupi-na-camara-2\/","title":{"rendered":"&#8220;Eu n\u00e3o compactuo com a corrup\u00e7\u00e3o&#8221;, diz Lupi na C\u00e2mara"},"content":{"rendered":"<p><strong>&nbsp;<\/strong>O ministro Carlos Lupi est&aacute; neste momento na Comiss&atilde;o de Fiscaliza&ccedil;&atilde;o Financeira e Controle da C&acirc;mara dos Deputados para prestar esclarecimentos sobre den&uacute;ncias de ind&iacute;cios de irregularidades no repasse de recursos do Minist&eacute;rio do Trabalho para organiza&ccedil;&otilde;es n&atilde;o governamentais e de envolvimento de assessores com um esquema de pagamento de propina em benef&iacute;cio do PDT.<\/p>\n<p>Inicialmente Lupi fez um relato sobre os trabalhos e estrutura do MTE. Disse que desde 2003, foram celebrados 491 conv&ecirc;nios com entidades privadas, sendo que apenas 97 ainda est&atilde;o em vig&ecirc;ncia.<\/p>\n<p>O ministro reafirmou que n&atilde;o h&aacute; corrup&ccedil;&atilde;o em sua Pasta. &#8220;Se algu&eacute;m fez algo no Minist&eacute;rio do Trabalho &eacute; individual e que pague&#8221;, afirmou.&nbsp;<\/p>\n<p>Segundo ele, as den&uacute;ncias s&atilde;o vazias e mostram que n&atilde;o houve propina, pois as empresas denunciantes n&atilde;o receberam dinheiro do minist&eacute;rio. &#8220;Apare&ccedil;a a prova, apresente-se quem levou dinheiro. Eu n&atilde;o compactuo com a corrup&ccedil;&atilde;o. Quero corruptor e corrupto na cadeia&#8221;, disse.<\/p>\n<p>Lupi voltou a pedir desculpas por suas declara&ccedil;&otilde;es no in&iacute;cio da semana, por ter dito que s&oacute; sairia do minist&eacute;rio &#8220;&agrave; bala&#8221;. &#8220;Eu gosto de fazer o debate, &agrave;s vezes exagero. Pe&ccedil;o desculpas p&uacute;blicas. Presidente Dilma, me desculpe, eu te amo&#8221;, disse.<\/p>\n<p>A audi&ecirc;ncia &eacute; acompanha atentamente por parlamentares do PDT, entre eles os deputados Andr&eacute; Figueiredo, Paulo Rubem, Brizola Neto, Paulo Pereira da Silva, Jo&atilde;o Dado, &Acirc;ngelo Agnolin e Weverton Rocha.<\/p>\n<!-- AddThis Advanced Settings generic via filter on the_content --><!-- AddThis Share Buttons generic via filter on the_content -->","protected":false},"excerpt":{"rendered":"<p>&nbsp;O ministro Carlos Lupi est&aacute; neste momento na Comiss&atilde;o de Fiscaliza&ccedil;&atilde;o Financeira e Controle da C&acirc;mara dos Deputados para prestar esclarecimentos sobre den&uacute;ncias de ind&iacute;cios de irregularidades no repasse de recursos do Minist&eacute;rio do Trabalho para organiza&ccedil;&otilde;es n&atilde;o governamentais e de envolvimento de assessores com um esquema de pagamento de propina em benef&iacute;cio do PDT&#8230;.<!-- AddThis Advanced Settings generic via filter on wp_trim_excerpt --><!-- AddThis Share Buttons generic via filter on wp_trim_excerpt --><\/p>\n","protected":false},"author":17,"featured_media":28802,"comment_status":"open","ping_status":"open","sticky":false,"template":"","format":"standard","meta":{"_monsterinsights_skip_tracking":false,"_monsterinsights_sitenote_active":false,"_monsterinsights_sitenote_note":"","_monsterinsights_sitenote_category":0,"_uf_show_specific_survey":0,"_uf_disable_surveys":false,"footnotes":""},"categories":[1459,1401],"tags":[],"class_list":["post-28801","post","type-post","status-publish","format-standard","has-post-thumbnail","hentry","category-congresso","category-nacional"],"acf":[],"_links":{"self":[{"href":"https:\/\/pdt-rj.org.br\/index.php\/wp-json\/wp\/v2\/posts\/28801","targetHints":{"allow":["GET"]}}],"collection":[{"href":"https:\/\/pdt-rj.org.br\/index.php\/wp-json\/wp\/v2\/posts"}],"about":[{"href":"https:\/\/pdt-rj.org.br\/index.php\/wp-json\/wp\/v2\/types\/post"}],"author":[{"embeddable":true,"href":"https:\/\/pdt-rj.org.br\/index.php\/wp-json\/wp\/v2\/users\/17"}],"replies":[{"embeddable":true,"href":"https:\/\/pdt-rj.org.br\/index.php\/wp-json\/wp\/v2\/comments?post=28801"}],"version-history":[{"count":0,"href":"https:\/\/pdt-rj.org.br\/index.php\/wp-json\/wp\/v2\/posts\/28801\/revisions"}],"wp:featuredmedia":[{"embeddable":true,"href":"https:\/\/pdt-rj.org.br\/index.php\/wp-json\/"}],"wp:attachment":[{"href":"https:\/\/pdt-rj.org.br\/index.php\/wp-json\/wp\/v2\/media?parent=28801"}],"wp:term":[{"taxonomy":"category","embeddable":true,"href":"https:\/\/pdt-rj.org.br\/index.php\/wp-json\/wp\/v2\/categories?post=28801"},{"taxonomy":"post_tag","embeddable":true,"href":"https:\/\/pdt-rj.org.br\/index.php\/wp-json\/wp\/v2\/tags?post=28801"}],"curies":[{"name":"wp","href":"https:\/\/api.w.org\/{rel}","templated":true}]}}