{"id":28773,"date":"2011-11-09T11:46:41","date_gmt":"2011-11-09T13:46:41","guid":{"rendered":"http:\/\/pdt-rj.org.br\/index.php\/lupi-vai-a-camara-nesta-quinta-para-esclarecer-denuncias-2\/"},"modified":"2011-11-09T11:46:41","modified_gmt":"2011-11-09T13:46:41","slug":"lupi-vai-a-camara-nesta-quinta-para-esclarecer-denuncias-2","status":"publish","type":"post","link":"https:\/\/pdt-rj.org.br\/index.php\/lupi-vai-a-camara-nesta-quinta-para-esclarecer-denuncias-2\/","title":{"rendered":"Lupi vai \u00e0 C\u00e2mara nesta quinta para esclarecer den\u00fancias"},"content":{"rendered":"<p>O ministro do Trabalho, Carlos Lupi, vai &agrave; C&acirc;mara dos Deputados mnesta quinta-feira (10), &agrave;s 9h30, para dar esclarecimentos sobre as den&uacute;ncias de desvio de verbas contra funcion&aacute;rios do seu minist&eacute;rio.<\/p>\n<div id=\"conteudoNoticia\">\n<p>Houve um acordo entre governo e oposi&ccedil;&atilde;o nesta manh&atilde;, o que resultou na retirada de pauta de todos os requerimentos de convite e convoca&ccedil;&atilde;o do ministro &ndash; que vir&aacute; espontaneamente &agrave; Comiss&atilde;o de Fiscaliza&ccedil;&atilde;o Financeira e Controle.<\/p>\n<\/div>\n<p>Ag\u00eancia C\u00e2mara<\/p>\n<!-- AddThis Advanced Settings generic via filter on the_content --><!-- AddThis Share Buttons generic via filter on the_content -->","protected":false},"excerpt":{"rendered":"<p>O ministro do Trabalho, Carlos Lupi, vai &agrave; C&acirc;mara dos Deputados mnesta quinta-feira (10), &agrave;s 9h30, para dar esclarecimentos sobre as den&uacute;ncias de desvio de verbas contra funcion&aacute;rios do seu minist&eacute;rio. Houve um acordo entre governo e oposi&ccedil;&atilde;o nesta manh&atilde;, o que resultou na retirada de pauta de todos os requerimentos de convite e convoca&ccedil;&atilde;o&#8230;<!-- AddThis Advanced Settings generic via filter on wp_trim_excerpt --><!-- AddThis Share Buttons generic via filter on wp_trim_excerpt --><\/p>\n","protected":false},"author":17,"featured_media":28774,"comment_status":"open","ping_status":"open","sticky":false,"template":"","format":"standard","meta":{"_monsterinsights_skip_tracking":false,"_monsterinsights_sitenote_active":false,"_monsterinsights_sitenote_note":"","_monsterinsights_sitenote_category":0,"_uf_show_specific_survey":0,"_uf_disable_surveys":false,"footnotes":""},"categories":[1459,1401],"tags":[],"class_list":["post-28773","post","type-post","status-publish","format-standard","has-post-thumbnail","hentry","category-congresso","category-nacional"],"acf":[],"_links":{"self":[{"href":"https:\/\/pdt-rj.org.br\/index.php\/wp-json\/wp\/v2\/posts\/28773","targetHints":{"allow":["GET"]}}],"collection":[{"href":"https:\/\/pdt-rj.org.br\/index.php\/wp-json\/wp\/v2\/posts"}],"about":[{"href":"https:\/\/pdt-rj.org.br\/index.php\/wp-json\/wp\/v2\/types\/post"}],"author":[{"embeddable":true,"href":"https:\/\/pdt-rj.org.br\/index.php\/wp-json\/wp\/v2\/users\/17"}],"replies":[{"embeddable":true,"href":"https:\/\/pdt-rj.org.br\/index.php\/wp-json\/wp\/v2\/comments?post=28773"}],"version-history":[{"count":0,"href":"https:\/\/pdt-rj.org.br\/index.php\/wp-json\/wp\/v2\/posts\/28773\/revisions"}],"wp:featuredmedia":[{"embeddable":true,"href":"https:\/\/pdt-rj.org.br\/index.php\/wp-json\/wp\/v2\/media\/28774"}],"wp:attachment":[{"href":"https:\/\/pdt-rj.org.br\/index.php\/wp-json\/wp\/v2\/media?parent=28773"}],"wp:term":[{"taxonomy":"category","embeddable":true,"href":"https:\/\/pdt-rj.org.br\/index.php\/wp-json\/wp\/v2\/categories?post=28773"},{"taxonomy":"post_tag","embeddable":true,"href":"https:\/\/pdt-rj.org.br\/index.php\/wp-json\/wp\/v2\/tags?post=28773"}],"curies":[{"name":"wp","href":"https:\/\/api.w.org\/{rel}","templated":true}]}}