{"id":28763,"date":"2011-11-08T20:28:05","date_gmt":"2011-11-08T22:28:05","guid":{"rendered":"http:\/\/pdt-rj.org.br\/index.php\/leia-na-radio-legalidade-lupi-enfrenta-a-midia-e-apresenta-suas-razoes-2\/"},"modified":"2011-11-08T20:28:05","modified_gmt":"2011-11-08T22:28:05","slug":"leia-na-radio-legalidade-lupi-enfrenta-a-midia-e-apresenta-suas-razoes-2","status":"publish","type":"post","link":"https:\/\/pdt-rj.org.br\/index.php\/leia-na-radio-legalidade-lupi-enfrenta-a-midia-e-apresenta-suas-razoes-2\/","title":{"rendered":"Leia na R\u00e1dio Legalidade: Lupi enfrenta a m\u00eddia e apresenta suas raz\u00f5es"},"content":{"rendered":"<p>Dizendo-se sustentado pela presidenta Dilma, por esta confiar em sua  honorabilidade, o ministro do Trabalho Carlos Lupi, declarou hoje,  depois de receber o apoio un&acirc;nime do PDT em uma reuni&atilde;o de tr&ecirc;s horas  com as bancadas no Congresso, que &ldquo;vai at&eacute; as &uacute;ltimas consequ&ecirc;ncias&rdquo;,  para provar o seu n&atilde;o envolvimento nas den&uacute;ncias que lhe foram assacadas  por um setor da m&iacute;dia. O Ministro ainda afirmou que que conta com apoio  &ldquo;total&rdquo; da presidente Dilma Rousseff e do PDT para continuar no cargo.<\/p>\n<p><a href=\"http:\/\/radiolegalidade.com.br\/?p=1711\" target=\"_blank\">Leia na R&aacute;dio Legalidade<\/a><\/p>\n<!-- AddThis Advanced Settings generic via filter on the_content --><!-- AddThis Share Buttons generic via filter on the_content -->","protected":false},"excerpt":{"rendered":"<p>Dizendo-se sustentado pela presidenta Dilma, por esta confiar em sua honorabilidade, o ministro do Trabalho Carlos Lupi, declarou hoje, depois de receber o apoio un&acirc;nime do PDT em uma reuni&atilde;o de tr&ecirc;s horas com as bancadas no Congresso, que &ldquo;vai at&eacute; as &uacute;ltimas consequ&ecirc;ncias&rdquo;, para provar o seu n&atilde;o envolvimento nas den&uacute;ncias que lhe foram&#8230;<!-- AddThis Advanced Settings generic via filter on wp_trim_excerpt --><!-- AddThis Share Buttons generic via filter on wp_trim_excerpt --><\/p>\n","protected":false},"author":17,"featured_media":28764,"comment_status":"open","ping_status":"open","sticky":false,"template":"","format":"standard","meta":{"_monsterinsights_skip_tracking":false,"_monsterinsights_sitenote_active":false,"_monsterinsights_sitenote_note":"","_monsterinsights_sitenote_category":0,"_uf_show_specific_survey":0,"_uf_disable_surveys":false,"footnotes":""},"categories":[1401],"tags":[],"class_list":["post-28763","post","type-post","status-publish","format-standard","has-post-thumbnail","hentry","category-nacional"],"acf":[],"_links":{"self":[{"href":"https:\/\/pdt-rj.org.br\/index.php\/wp-json\/wp\/v2\/posts\/28763","targetHints":{"allow":["GET"]}}],"collection":[{"href":"https:\/\/pdt-rj.org.br\/index.php\/wp-json\/wp\/v2\/posts"}],"about":[{"href":"https:\/\/pdt-rj.org.br\/index.php\/wp-json\/wp\/v2\/types\/post"}],"author":[{"embeddable":true,"href":"https:\/\/pdt-rj.org.br\/index.php\/wp-json\/wp\/v2\/users\/17"}],"replies":[{"embeddable":true,"href":"https:\/\/pdt-rj.org.br\/index.php\/wp-json\/wp\/v2\/comments?post=28763"}],"version-history":[{"count":0,"href":"https:\/\/pdt-rj.org.br\/index.php\/wp-json\/wp\/v2\/posts\/28763\/revisions"}],"wp:featuredmedia":[{"embeddable":true,"href":"https:\/\/pdt-rj.org.br\/index.php\/wp-json\/wp\/v2\/media\/28764"}],"wp:attachment":[{"href":"https:\/\/pdt-rj.org.br\/index.php\/wp-json\/wp\/v2\/media?parent=28763"}],"wp:term":[{"taxonomy":"category","embeddable":true,"href":"https:\/\/pdt-rj.org.br\/index.php\/wp-json\/wp\/v2\/categories?post=28763"},{"taxonomy":"post_tag","embeddable":true,"href":"https:\/\/pdt-rj.org.br\/index.php\/wp-json\/wp\/v2\/tags?post=28763"}],"curies":[{"name":"wp","href":"https:\/\/api.w.org\/{rel}","templated":true}]}}