{"id":28735,"date":"2011-11-08T07:52:10","date_gmt":"2011-11-08T09:52:10","guid":{"rendered":"http:\/\/pdt-rj.org.br\/index.php\/lupi-recebe-titulo-de-benemerito-do-rj-nesta-sexta-as-18-horas-2\/"},"modified":"2011-11-08T07:52:10","modified_gmt":"2011-11-08T09:52:10","slug":"lupi-recebe-titulo-de-benemerito-do-rj-nesta-sexta-as-18-horas-2","status":"publish","type":"post","link":"https:\/\/pdt-rj.org.br\/index.php\/lupi-recebe-titulo-de-benemerito-do-rj-nesta-sexta-as-18-horas-2\/","title":{"rendered":"Lupi recebe t\u00edtulo de Benem\u00e9rito do RJ nesta sexta, \u00e0s 18 horas"},"content":{"rendered":"<p>O Ministro do Trabalho e Emprego Carlos Lupi, tamb&eacute;m presidente nacional do PDT licenciado, ser&aacute; homenageado na Assembl&eacute;ia Legislativa do Rio de Janeiro nesta sexta-feira (11\/11), &agrave;s 18 horas, com o t&iacute;tulo de Benem&eacute;rito e Cidad&atilde;o do Estado do Rio de Janeiro.<\/p>\n<p>A iniciativa &eacute; do L&iacute;der do PDT na Alerj, deputado estadual Luiz Martins, e a homenagem se realizar&aacute; no plen&aacute;rio Barbosa Lima Sobrinho do Pal&aacute;cio Tiradentes (foto), na rua 1&deg; de Mar&ccedil;o, s\/n &ndash; Pra&ccedil;a XV &ndash; Centro do Rio de Janeiro.<\/p>\n<p>Ascom\/OM<\/p>\n<!-- AddThis Advanced Settings generic via filter on the_content --><!-- AddThis Share Buttons generic via filter on the_content -->","protected":false},"excerpt":{"rendered":"<p>O Ministro do Trabalho e Emprego Carlos Lupi, tamb&eacute;m presidente nacional do PDT licenciado, ser&aacute; homenageado na Assembl&eacute;ia Legislativa do Rio de Janeiro nesta sexta-feira (11\/11), &agrave;s 18 horas, com o t&iacute;tulo de Benem&eacute;rito e Cidad&atilde;o do Estado do Rio de Janeiro. A iniciativa &eacute; do L&iacute;der do PDT na Alerj, deputado estadual Luiz Martins,&#8230;<!-- AddThis Advanced Settings generic via filter on wp_trim_excerpt --><!-- AddThis Share Buttons generic via filter on wp_trim_excerpt --><\/p>\n","protected":false},"author":17,"featured_media":28736,"comment_status":"open","ping_status":"open","sticky":false,"template":"","format":"standard","meta":{"_monsterinsights_skip_tracking":false,"_monsterinsights_sitenote_active":false,"_monsterinsights_sitenote_note":"","_monsterinsights_sitenote_category":0,"_uf_show_specific_survey":0,"_uf_disable_surveys":false,"footnotes":""},"categories":[1402,1401],"tags":[],"class_list":["post-28735","post","type-post","status-publish","format-standard","has-post-thumbnail","hentry","category-cidades","category-nacional"],"acf":[],"_links":{"self":[{"href":"https:\/\/pdt-rj.org.br\/index.php\/wp-json\/wp\/v2\/posts\/28735","targetHints":{"allow":["GET"]}}],"collection":[{"href":"https:\/\/pdt-rj.org.br\/index.php\/wp-json\/wp\/v2\/posts"}],"about":[{"href":"https:\/\/pdt-rj.org.br\/index.php\/wp-json\/wp\/v2\/types\/post"}],"author":[{"embeddable":true,"href":"https:\/\/pdt-rj.org.br\/index.php\/wp-json\/wp\/v2\/users\/17"}],"replies":[{"embeddable":true,"href":"https:\/\/pdt-rj.org.br\/index.php\/wp-json\/wp\/v2\/comments?post=28735"}],"version-history":[{"count":0,"href":"https:\/\/pdt-rj.org.br\/index.php\/wp-json\/wp\/v2\/posts\/28735\/revisions"}],"wp:featuredmedia":[{"embeddable":true,"href":"https:\/\/pdt-rj.org.br\/index.php\/wp-json\/wp\/v2\/media\/28736"}],"wp:attachment":[{"href":"https:\/\/pdt-rj.org.br\/index.php\/wp-json\/wp\/v2\/media?parent=28735"}],"wp:term":[{"taxonomy":"category","embeddable":true,"href":"https:\/\/pdt-rj.org.br\/index.php\/wp-json\/wp\/v2\/categories?post=28735"},{"taxonomy":"post_tag","embeddable":true,"href":"https:\/\/pdt-rj.org.br\/index.php\/wp-json\/wp\/v2\/tags?post=28735"}],"curies":[{"name":"wp","href":"https:\/\/api.w.org\/{rel}","templated":true}]}}